{"id":10098,"date":"2017-10-02T15:56:50","date_gmt":"2017-10-02T18:56:50","guid":{"rendered":"http:\/\/ultimato.com.br\/sites\/blogdaultimato\/?p=10098"},"modified":"2017-10-02T15:56:50","modified_gmt":"2017-10-02T18:56:50","slug":"500-anos-da-reforma-a-pentecostalizacao-do-brasil","status":"publish","type":"post","link":"https:\/\/ultimato.com.br\/sites\/blogdaultimato\/2017\/10\/02\/500-anos-da-reforma-a-pentecostalizacao-do-brasil\/","title":{"rendered":"500 anos: da Reforma \u00e0 pentecostaliza\u00e7\u00e3o do Brasil"},"content":{"rendered":"<p>H\u00e1 exatos 500 anos come\u00e7ava um movimento que mudaria tudo. Da ci\u00eancia \u00e0 religi\u00e3o, das rela\u00e7\u00f5es comerciais \u00e0 cultura, nada seria como antes. E, claro, a redescoberta do ensino dos ap\u00f3stolos definiria o novo rumo da igreja protestante.<\/p>\n<p>No Brasil, para o pastor Elben C\u00e9sar, a Reforma Protestante deu in\u00edcio a tr\u00eas per\u00edodos diferentes de evangeliza\u00e7\u00e3o: nos s\u00e9culos 16, 17 e 18, os mission\u00e1rios cat\u00f3licos \u201ccristianizaram\u201d o pa\u00eds; no s\u00e9culo 19, os mission\u00e1rios protestantes \u201cevangelizaram\u201d o pa\u00eds; e, no s\u00e9culo 20, o mission\u00e1rios pentecostais \u201cpentecostalizaram\u201d o pa\u00eds. Para saber mais, confira <a href=\"http:\/\/www.ultimato.com.br\/loja\/produtos\/historia-da-evangelizacao-do-brasil\">A Hist\u00f3ria da Evangeliza\u00e7\u00e3o do Brasil- dos Jesu\u00edtas aos Neopentecostais<\/a>.<\/p>\n<p><a href=\"http:\/\/ultimato.com.br\/sites\/reformadores\/\"><img loading=\"lazy\" decoding=\"async\" class=\"alignleft wp-image-10106 size-full\" src=\"http:\/\/ultimato.com.br\/sites\/blogdaultimato\/files\/imag_reformadores3.jpg\" alt=\"\" width=\"700\" height=\"135\" srcset=\"https:\/\/ultimato.com.br\/sites\/blogdaultimato\/files\/imag_reformadores3.jpg 700w, https:\/\/ultimato.com.br\/sites\/blogdaultimato\/files\/imag_reformadores3-300x58.jpg 300w\" sizes=\"auto, (max-width: 700px) 100vw, 700px\" \/><\/a>Ao longo do ano <a href=\"http:\/\/www.ultimato.com.br\/\">Ultimatoonline<\/a> tem publicado diferentes artigos sobre a Reforma Protestante e, sempre \u00e0s segundas-feiras, <a href=\"http:\/\/ultimato.com.br\/sites\/blogdaultimato\/tag\/500-anos-da-reforma\/\">medita\u00e7\u00f5es di\u00e1rias de Martinho Lutero<\/a>, que celebram de modo especial, a vida e o legado do Reformador. Lan\u00e7amos em agosto o livro <a href=\"http:\/\/www.ultimato.com.br\/loja\/produtos\/a-reforma\">A Reforma &#8211; o que voc\u00ea precisa saber e por qu\u00ea<\/a>, de John Stott e Michael Reeves e, durante o m\u00eas de outubro, o leitor vai perceber uma \u00eanfase ainda maior sobre o significado e as implica\u00e7\u00f5es da Reforma, cujo in\u00edcio \u00e9 marcado pelas 95 teses de Martinho Lutero que, pasmem, <a href=\"http:\/\/ultimato.com.br\/sites\/blogdaultimato\/2017\/09\/30\/a-historia-por-tras-das-95-teses-de-lutero\/\">n\u00e3o foram afixadas na porta da igreja de Wittenberg<\/a>.<\/p>\n<p>A Reforma Protestante \u00e9 o tema do m\u00eas de outubro aqui no Portal. E n\u00e3o poderia ser diferente. Com nova roupagem e ainda mais conte\u00fado, lan\u00e7amos o <a href=\"http:\/\/ultimato.com.br\/sites\/reformadores\/\">blog Reformadores<\/a>, com uma sele\u00e7\u00e3o preciosa de textos, livros, estudos b\u00edblicos e muitos outros recursos reunidos em um s\u00f3 lugar.<\/p>\n","protected":false},"excerpt":{"rendered":"<p>H\u00e1 exatos 500 anos come\u00e7ava um movimento que mudaria tudo. Da ci\u00eancia \u00e0 religi\u00e3o, das rela\u00e7\u00f5es comerciais \u00e0 cultura, nada seria como antes. E, claro, a redescoberta do ensino dos ap\u00f3stolos definiria o novo rumo da igreja protestante.<br \/>\nNo Brasil, para o pastor Elben C\u00e9sar, a Reforma Protestante deu in\u00edcio a tr\u00eas per\u00edodos diferentes de evangeliza\u00e7\u00e3o: [&#8230;]<\/p>\n","protected":false},"author":6,"featured_media":0,"comment_status":"open","ping_status":"open","sticky":false,"template":"","format":"standard","meta":{"ngg_post_thumbnail":0,"footnotes":""},"categories":[5153],"tags":[],"class_list":["post-10098","post","type-post","status-publish","format-standard","hentry","category-prateleira"],"_links":{"self":[{"href":"https:\/\/ultimato.com.br\/sites\/blogdaultimato\/wp-json\/wp\/v2\/posts\/10098","targetHints":{"allow":["GET"]}}],"collection":[{"href":"https:\/\/ultimato.com.br\/sites\/blogdaultimato\/wp-json\/wp\/v2\/posts"}],"about":[{"href":"https:\/\/ultimato.com.br\/sites\/blogdaultimato\/wp-json\/wp\/v2\/types\/post"}],"author":[{"embeddable":true,"href":"https:\/\/ultimato.com.br\/sites\/blogdaultimato\/wp-json\/wp\/v2\/users\/6"}],"replies":[{"embeddable":true,"href":"https:\/\/ultimato.com.br\/sites\/blogdaultimato\/wp-json\/wp\/v2\/comments?post=10098"}],"version-history":[{"count":6,"href":"https:\/\/ultimato.com.br\/sites\/blogdaultimato\/wp-json\/wp\/v2\/posts\/10098\/revisions"}],"predecessor-version":[{"id":10107,"href":"https:\/\/ultimato.com.br\/sites\/blogdaultimato\/wp-json\/wp\/v2\/posts\/10098\/revisions\/10107"}],"wp:attachment":[{"href":"https:\/\/ultimato.com.br\/sites\/blogdaultimato\/wp-json\/wp\/v2\/media?parent=10098"}],"wp:term":[{"taxonomy":"category","embeddable":true,"href":"https:\/\/ultimato.com.br\/sites\/blogdaultimato\/wp-json\/wp\/v2\/categories?post=10098"},{"taxonomy":"post_tag","embeddable":true,"href":"https:\/\/ultimato.com.br\/sites\/blogdaultimato\/wp-json\/wp\/v2\/tags?post=10098"}],"curies":[{"name":"wp","href":"https:\/\/api.w.org\/{rel}","templated":true}]}}