{"id":10096,"date":"2017-10-02T08:06:03","date_gmt":"2017-10-02T11:06:03","guid":{"rendered":"http:\/\/ultimato.com.br\/sites\/blogdaultimato\/?p=10096"},"modified":"2017-10-02T08:06:03","modified_gmt":"2017-10-02T11:06:03","slug":"deus-pode-consertar-erros","status":"publish","type":"post","link":"https:\/\/ultimato.com.br\/sites\/blogdaultimato\/2017\/10\/02\/deus-pode-consertar-erros\/","title":{"rendered":"Deus pode consertar erros"},"content":{"rendered":"<p><span style=\"color: #808000;\"><strong>[500 Anos da Reforma]<\/strong><\/span><br \/>\n<span style=\"color: #808000;\"> <strong>Por Martinho Lutero<\/strong><\/span><\/p>\n<p><em>O temor do Senhor \u00e9 o princ\u00edpio da sabedoria; todos os que cumprem os seus preceitos revelam bom senso. Ele ser\u00e1 louvado para sempre! [Salmos 111.10]<\/em><\/p>\n<p>Voc\u00ea precisa ter cuidado com dois extremos. Um \u00e9 tornar-se arrogante com rela\u00e7\u00e3o a sua sabedoria e seus planos. O outro \u00e9 tornar-se deprimido quando as coisas n\u00e3o v\u00e3o bem. Deus perdoa e at\u00e9 aben\u00e7oa os erros das pessoas fi\u00e9is. Em minha ignor\u00e2ncia, frequentemente eu cometia os maiores erros e fazia as coisas mais tolas quando, em minha sinceridade, eu tentava ajudar as pessoas e dar-lhes bons conselhos. Quando eu cometia esses erros, orava fervorosamente a Deus, pedindo que me perdoasse e corrigisse o que eu havia feito. Frequentemente l\u00edderes importantes causam muitos danos por meio dos seus conselhos e a\u00e7\u00f5es. Se Deus n\u00e3o tivesse miseric\u00f3rdia deles e n\u00e3o consertasse tudo, o mundo seria uma bagun\u00e7a terr\u00edvel.<\/p>\n<p><img loading=\"lazy\" decoding=\"async\" class=\"alignleft size-full wp-image-9164\" src=\"http:\/\/ultimato.com.br\/sites\/blogdaultimato\/files\/2017\/05\/imag_lutero_blog.jpg\" alt=\"\" width=\"200\" height=\"258\">Todos n\u00f3s cometemos erros. N\u00f3s nos consideramos s\u00e1bios e instru\u00eddos. Por\u00e9m, em nosso sincero desejo de ajudar, podemos acabar causando muitos preju\u00edzos. Se Deus, em sua sabedoria e compaix\u00e3o, n\u00e3o corrigisse os nossos erros, n\u00f3s far\u00edamos das nossas vidas uma bagun\u00e7a. Somos como o fazendeiro cujos cavalos tinham dificuldade para puxar uma carga pesada. Por achar que as rodas da carro\u00e7a eram largas demais, ele as afinou. Isso apenas fez com que a carga afundasse t\u00e3o profundamente na lama que a carro\u00e7a n\u00e3o podia ser nem movida.<\/p>\n<p>Isso significa que as pessoas n\u00e3o devem fazer nada e apenas fugir de todas as suas responsabilidades? De jeito nenhum. Voc\u00ea deve fazer fielmente o trabalho que Deus lhe deu para fazer. N\u00e3o confie na sua pr\u00f3pria sabedoria e for\u00e7a, nem finja ser t\u00e3o esperto e importante que tudo precise ser feito da sua maneira. N\u00e3o se envergonhe de se ajoelhar e orar: \u201cQuerido Deus, tu me deste este trabalho. Por favor, ensina-me e guia-me. D\u00e1-me o conhecimento, sabedoria e for\u00e7a para desempenhar minhas tarefas incansavelmente e bem\u201d.<\/p>\n<h6><strong>Em 2017, Ultimato vai relembrar e celebrar os 500 anos da Reforma Protestante. O&nbsp;Blog publica, sempre \u00e0s segundas-feiras, uma devocional do reformador Martinho Lutero, retirado do seu <a href=\"http:\/\/www.ultimato.com.br\/loja\/produtos\/somente-a-fe\">Somente a F\u00e9 &#8211; Um Ano com Lutero<\/a>.<\/strong><\/h6>\n","protected":false},"excerpt":{"rendered":"<p>[500 Anos da Reforma]<br \/>\n Por Martinho Lutero<br \/>\nO temor do Senhor \u00e9 o princ\u00edpio da sabedoria; todos os que cumprem os seus preceitos revelam bom senso. Ele ser\u00e1 louvado para sempre! [Salmos 111.10]<br \/>\nVoc\u00ea precisa ter cuidado com dois extremos. Um \u00e9 tornar-se arrogante com rela\u00e7\u00e3o a sua sabedoria e seus planos. O outro \u00e9 tornar-se deprimido [&#8230;]<\/p>\n","protected":false},"author":6,"featured_media":0,"comment_status":"open","ping_status":"open","sticky":false,"template":"","format":"standard","meta":{"ngg_post_thumbnail":0,"footnotes":""},"categories":[5153],"tags":[32203],"class_list":["post-10096","post","type-post","status-publish","format-standard","hentry","category-prateleira","tag-500-anos-da-reforma"],"_links":{"self":[{"href":"https:\/\/ultimato.com.br\/sites\/blogdaultimato\/wp-json\/wp\/v2\/posts\/10096","targetHints":{"allow":["GET"]}}],"collection":[{"href":"https:\/\/ultimato.com.br\/sites\/blogdaultimato\/wp-json\/wp\/v2\/posts"}],"about":[{"href":"https:\/\/ultimato.com.br\/sites\/blogdaultimato\/wp-json\/wp\/v2\/types\/post"}],"author":[{"embeddable":true,"href":"https:\/\/ultimato.com.br\/sites\/blogdaultimato\/wp-json\/wp\/v2\/users\/6"}],"replies":[{"embeddable":true,"href":"https:\/\/ultimato.com.br\/sites\/blogdaultimato\/wp-json\/wp\/v2\/comments?post=10096"}],"version-history":[{"count":1,"href":"https:\/\/ultimato.com.br\/sites\/blogdaultimato\/wp-json\/wp\/v2\/posts\/10096\/revisions"}],"predecessor-version":[{"id":10097,"href":"https:\/\/ultimato.com.br\/sites\/blogdaultimato\/wp-json\/wp\/v2\/posts\/10096\/revisions\/10097"}],"wp:attachment":[{"href":"https:\/\/ultimato.com.br\/sites\/blogdaultimato\/wp-json\/wp\/v2\/media?parent=10096"}],"wp:term":[{"taxonomy":"category","embeddable":true,"href":"https:\/\/ultimato.com.br\/sites\/blogdaultimato\/wp-json\/wp\/v2\/categories?post=10096"},{"taxonomy":"post_tag","embeddable":true,"href":"https:\/\/ultimato.com.br\/sites\/blogdaultimato\/wp-json\/wp\/v2\/tags?post=10096"}],"curies":[{"name":"wp","href":"https:\/\/api.w.org\/{rel}","templated":true}]}}