{"id":982,"date":"2011-07-29T12:01:25","date_gmt":"2011-07-29T15:01:25","guid":{"rendered":"http:\/\/ultimato.com.br\/sites\/amorese\/?p=982"},"modified":"2011-07-29T12:47:50","modified_gmt":"2011-07-29T15:47:50","slug":"os-salmos-e-a-musica-essencial","status":"publish","type":"post","link":"https:\/\/ultimato.com.br\/sites\/amorese\/2011\/07\/29\/os-salmos-e-a-musica-essencial\/","title":{"rendered":"Os Salmos e a M\u00fasica Essencial"},"content":{"rendered":"<p><a href=\"http:\/\/ultimato.com.br\/sites\/amorese\/files\/2011\/04\/Captura-de-tela-2011-04-10-\u00e0s-15.40.061.png\"><img loading=\"lazy\" decoding=\"async\" class=\"alignleft size-medium wp-image-916\" title=\"Captura de tela 2011-04-10 \u00e0s 15.40.06\" src=\"http:\/\/ultimato.com.br\/sites\/amorese\/files\/2011\/04\/Captura-de-tela-2011-04-10-\u00e0s-15.40.061-300x150.png\" alt=\"\" width=\"300\" height=\"150\" srcset=\"https:\/\/ultimato.com.br\/sites\/amorese\/files\/2011\/04\/Captura-de-tela-2011-04-10-\u00e0s-15.40.061-300x150.png 300w, https:\/\/ultimato.com.br\/sites\/amorese\/files\/2011\/04\/Captura-de-tela-2011-04-10-\u00e0s-15.40.061-150x75.png 150w, https:\/\/ultimato.com.br\/sites\/amorese\/files\/2011\/04\/Captura-de-tela-2011-04-10-\u00e0s-15.40.061.png 497w\" sizes=\"auto, (max-width: 300px) 100vw, 300px\" \/><\/a><br \/>\n&nbsp;<\/p>\n<p>Terminei meu texto &#8220;<a href=\"http:\/\/ultimato.com.br\/sites\/amorese\/2011\/04\/11\/musica-essencial\/\">M\u00fasica Essencial<\/a>&#8221; assim:<\/p>\n<blockquote><p>A m\u00fasica \u00e9 ingrediente da minha receita. N\u00e3o me refiro \u00e0quela que eu toco, n\u00e3o o imperfeito louvor ou a fr\u00e1gil adora\u00e7\u00e3o que apresento ao meu Criador (ecos long\u00ednquos da <em>harmonia essencial<\/em> que vibra em mim), mas aquela que me criou e ainda se desenvolve em mim, pelo seu Esp\u00edrito; aquela da qual eu sou feito.<\/p><\/blockquote>\n<p>Entretanto, se n\u00e3o sei &#8220;tocar a minha m\u00fasica essencial&#8221;, pois essa m\u00fasica \u00e9 tocada em mim, como se Deus tivesse batido gentilmente o meu diapas\u00e3o (aquele de forquilha, que fica vibrando um temp\u00e3o em 440 Hz), acho que Deus deseja que eu aprenda o m\u00e1ximo poss\u00edvel sobre o assunto. Como se quisesse me preparar para brilhar no &#8220;grande concerto&#8221;. Essa \u00e9 minha forma de entender o prop\u00f3sito mais profundo dos salmos.<\/p>\n<p>Deixe-me explicar. Voc\u00ea j\u00e1 reparou que os salmos foram feitos para ser cantados? Com direito a acompanhamento de instrumentos? S\u00e3o poesia e m\u00fasica. Mesmo os salmos de lamento e os mais angustiados. Veja, por exemplo, o Salmo 22, aquele que come\u00e7a assim: &#8220;Deus meu, Deus meu, por que me desamparaste?&#8221; Sim, o <em>salmo da cruz<\/em> \u00e9 encomendado &#8220;ao mestre de canto, segundo a melodia&#8221;.<\/p>\n<p>Pena que tenhamos perdido muito dessas informa\u00e7\u00f5es (poesia e m\u00fasica), e ficado apenas com a parte cognitiva deles, com sua teologia, seu ensino. Eles existem, penso eu, para nos ensinar mais do que padr\u00f5es e estruturas de louvor, de ora\u00e7\u00e3o, de relacionamento com Deus. Eles foram inspirados para nos ensinar a adorar. Eu diria, voltando \u00e0s nossa met\u00e1foras, que os salmos nos ensinam a &#8220;musicar&#8221; ao Criador.<\/p>\n<p>Para desenvolver esse pensamento, preciso de uma breve digress\u00e3o sobre aprendizado de estruturas. Quando um jovem me pergunta como pode aprender a escrever bem, digo-lhe para ler muito. Mas n\u00e3o artigos de jornal ou revistas. E muito menos emails. Digo-lhes para ler bons autores brasileiros. Essa leitura, mais do que informar, <em>forma<\/em> o leitor. Sem que ele perceba, vai adquirindo estruturas de pensamento e de express\u00e3o. Recursos e solu\u00e7\u00f5es gramaticais e de estilo. Quem l\u00ea muito Machado de Assis acaba absorvendo seu modo de pensar e de expressar seu pensamento. E a\u00ed, o portugu\u00eas vem bonito, limpo, f\u00e1cil, bem articulado.<\/p>\n<p>A capacidade de articula\u00e7\u00e3o verbal \u00e9 valorizada nos vestibulares e nos concursos de toda natureza. Descobriu-se que as palavras s\u00e3o mediadoras da realidade. Ser capaz de expressar-se \u00e9 ser capaz de descrever o mundo, interior e exterior; \u00e9 ser capaz de comunicar-se; \u00e9 ser capaz de viver em grupo. Esse profissional \u00e9 valorizado; esse aluno sabe.<\/p>\n<p>Bem, se a leitura forma em n\u00f3s estruturas de pensamento e express\u00e3o, ent\u00e3o os salmos formam em n\u00f3s estruturas de adora\u00e7\u00e3o.<\/p>\n<p>Os salmos moldam nosso cora\u00e7\u00e3o numa vibra\u00e7\u00e3o pr\u00f3pria da adora\u00e7\u00e3o. Ao produzirem resson\u00e2ncia (o nosso cora\u00e7\u00e3o aprende a vibrar com o do salmista), est\u00e3o nos ensinando a linguagem do cora\u00e7\u00e3o. \u00c9 por isso que os salmos s\u00e3o m\u00fasica: s\u00e3o resultado de um processo emocional; s\u00e3o a voz do cora\u00e7\u00e3o.<\/p>\n<p>Reparou, leitor, que a arte \u00e9 pura express\u00e3o emocional? Ela est\u00e1 para al\u00e9m da raz\u00e3o. Muitas vezes prescinde da raz\u00e3o; outras vezes despreza-a, pela sua incapacidade de dizer o que est\u00e1 l\u00e1 dentro. A arte \u00e9 uma forma de derramamento. E a m\u00fasica \u00e9 um desses canais. Da\u00ed o choro e as l\u00e1grimas que sempre acompanham os momentos de manifesta\u00e7\u00e3o ou percep\u00e7\u00e3o art\u00edsticos mais intensos.<\/p>\n<p>A adora\u00e7\u00e3o tem a mesma matriz. Est\u00e1 sempre ligada a &#8220;afetos e miseric\u00f3rdias&#8221;. E quando a igreja se re\u00fane, diz Paulo, relaciona-se com hinos e c\u00e2nticos espirituais (Ef 5: 17-19). Ou seja, a igreja \u00e9 uma reuni\u00e3o de cora\u00e7\u00f5es.<\/p>\n<p>Os salmos nos ensinam a linguagem do cora\u00e7\u00e3o. Adestram-nos na compet\u00eancia da express\u00e3o de afetos, tais como gratid\u00e3o, louvor e adora\u00e7\u00e3o. E assim, ensinam-nos sobre n\u00f3s mesmos, pois aprender a expressar afetos passa pelo autoconhecimento; passa por &#8220;olhares para dentro&#8221;; passa por conversas com a pr\u00f3pria alma (lembra-se de Davi? Por que est\u00e1s abatida, \u00f3 minha alma? Por que te perturbas dentro em mim? Espera em Deus&#8230;). Sim, conversas a dois e a tr\u00eas (quando Deus \u00e9 chamado para a conversa, no secreto do quarto).<\/p>\n<p>Um dia descobriremos que, ao sermos formados nos salmos, est\u00e1vamos aprendendo a &#8220;tocar&#8221; a nossa pequena participa\u00e7\u00e3o na grande sinfonia de Deus. Sim, ao &#8220;nos tocar&#8221;, com seu &#8220;haja&#8221;, Deus estava tocando o nosso tema de amor<em>.<\/em> Mas n\u00e3o satisfeito, quis completar sua obra, ensinando-nos a toc\u00e1-lo junto com ele. Mais que isso ainda: estava nos dando a oportunidade de usar da nossa liberdade para lhe tocar uma vers\u00e3o nossa, pessoal, dessa sua partitura. Como se quisesse que o surpreend\u00eassemos com um novo estilo, com uma interpreta\u00e7\u00e3o ao nosso modo.<\/p>\n<p>Quando vier o chamado, estaremos prontos. Uma trombeta dar\u00e1 o tom, e n\u00f3s nos &#8220;desfaremos&#8221; em m\u00fasica e adora\u00e7\u00e3o (d\u00e1 no mesmo, j\u00e1 vimos), como aquela crian\u00e7a, filha de compositor, que chega toda alegre ao pai e diz: &#8220;pai, aprendi a tocar o tema de amor que o senhor fez para mim, quando eu nasci. Aprendi a tocar a minha m\u00fasica. Quer ouvir?<\/p>\n<p>&nbsp;<\/p>\n","protected":false},"excerpt":{"rendered":"<p>Se a leitura forma em n\u00f3s estruturas de pensamento e express\u00e3o, ent\u00e3o os salmos formam em n\u00f3s estruturas de adora\u00e7\u00e3o.<\/p>\n","protected":false},"author":13,"featured_media":0,"comment_status":"open","ping_status":"open","sticky":false,"template":"","format":"standard","meta":{"footnotes":""},"categories":[116,4239],"tags":[],"class_list":["post-982","post","type-post","status-publish","format-standard","hentry","category-blog","category-ideias-sem-pe-nem-cabeca"],"_links":{"self":[{"href":"https:\/\/ultimato.com.br\/sites\/amorese\/wp-json\/wp\/v2\/posts\/982","targetHints":{"allow":["GET"]}}],"collection":[{"href":"https:\/\/ultimato.com.br\/sites\/amorese\/wp-json\/wp\/v2\/posts"}],"about":[{"href":"https:\/\/ultimato.com.br\/sites\/amorese\/wp-json\/wp\/v2\/types\/post"}],"author":[{"embeddable":true,"href":"https:\/\/ultimato.com.br\/sites\/amorese\/wp-json\/wp\/v2\/users\/13"}],"replies":[{"embeddable":true,"href":"https:\/\/ultimato.com.br\/sites\/amorese\/wp-json\/wp\/v2\/comments?post=982"}],"version-history":[{"count":10,"href":"https:\/\/ultimato.com.br\/sites\/amorese\/wp-json\/wp\/v2\/posts\/982\/revisions"}],"predecessor-version":[{"id":1009,"href":"https:\/\/ultimato.com.br\/sites\/amorese\/wp-json\/wp\/v2\/posts\/982\/revisions\/1009"}],"wp:attachment":[{"href":"https:\/\/ultimato.com.br\/sites\/amorese\/wp-json\/wp\/v2\/media?parent=982"}],"wp:term":[{"taxonomy":"category","embeddable":true,"href":"https:\/\/ultimato.com.br\/sites\/amorese\/wp-json\/wp\/v2\/categories?post=982"},{"taxonomy":"post_tag","embeddable":true,"href":"https:\/\/ultimato.com.br\/sites\/amorese\/wp-json\/wp\/v2\/tags?post=982"}],"curies":[{"name":"wp","href":"https:\/\/api.w.org\/{rel}","templated":true}]}}