{"id":911,"date":"2011-04-11T10:38:01","date_gmt":"2011-04-11T13:38:01","guid":{"rendered":"http:\/\/ultimato.com.br\/sites\/amorese\/?p=911"},"modified":"2016-01-23T15:05:01","modified_gmt":"2016-01-23T18:05:01","slug":"musica-essencial","status":"publish","type":"post","link":"https:\/\/ultimato.com.br\/sites\/amorese\/2011\/04\/11\/musica-essencial\/","title":{"rendered":"M\u00fasica Essencial"},"content":{"rendered":"<p><a href=\"http:\/\/ultimato.com.br\/sites\/amorese\/files\/2011\/04\/Captura-de-tela-2011-04-10-\u00e0s-15.40.061.png\"><img loading=\"lazy\" decoding=\"async\" class=\"alignleft size-medium wp-image-916\" title=\"Captura de tela 2011-04-10 \u00e0s 15.40.06\" src=\"http:\/\/ultimato.com.br\/sites\/amorese\/files\/2011\/04\/Captura-de-tela-2011-04-10-\u00e0s-15.40.061-300x150.png\" alt=\"\" width=\"300\" height=\"150\" srcset=\"https:\/\/ultimato.com.br\/sites\/amorese\/files\/2011\/04\/Captura-de-tela-2011-04-10-\u00e0s-15.40.061-300x150.png 300w, https:\/\/ultimato.com.br\/sites\/amorese\/files\/2011\/04\/Captura-de-tela-2011-04-10-\u00e0s-15.40.061-150x75.png 150w, https:\/\/ultimato.com.br\/sites\/amorese\/files\/2011\/04\/Captura-de-tela-2011-04-10-\u00e0s-15.40.061.png 497w\" sizes=\"auto, (max-width: 300px) 100vw, 300px\" \/><\/a>Quando, no princ\u00edpio, Deus disse: &#8220;Haja&#8221;, o que se ouviu?<\/p>\n<p>Que pergunta estranha, n\u00e3o? Mas insisto: ser\u00e1 que havia algu\u00e9m para ouvir essa ordem, que n\u00e3o fosse o pr\u00f3prio Deus?<\/p>\n<p>Eu quero saber, na verdade, se o comando criador de Deus teve o som de uma voz do c\u00e9u, como quando Jesus foi batizado, ou na transfigura\u00e7\u00e3o, se teve um som de ventania, de uma explos\u00e3o, tipo <em>big bang<\/em>, o &#8220;som de muitas \u00e1guas&#8221;, ou algo assim. Enfim, se houvesse &#8220;ouvidos para ouvir&#8221;\u00a0o comando criador de Deus, o que teriam ouvido?<\/p>\n<p>Sem mais delongas, minha resposta: <em>m\u00fasica<\/em>.<\/p>\n<p>Est\u00e1 bem, est\u00e1 bem, (tamb\u00e9m sem mais delongas) eu sei que C. S. Lewis descreveu a cria\u00e7\u00e3o de N\u00e1rnia dizendo que o Le\u00e3o Aslam canta uma m\u00fasica maravilhosa que vai criando tudo. Imagino uma imensa, complexa e indescrit\u00edvel harmonia, com milhares de &#8220;instrumentos-tronco&#8221;\u00a0perfeitamente mixados em seus timbres, harm\u00f4nicos e volumes, tocando cada um suas notas geradoras e pausas-motrizes, de modo a trazer \u00e0 exist\u00eancia o que n\u00e3o era.<\/p>\n<p>No entanto, desta vez, n\u00e3o foi essa cena que me inspirou, mas outra hist\u00f3ria.<\/p>\n<p>Eu estava assistindo a um filme antigo, chamado <em>A Lenda do Pianista do Mar<\/em>. (<em>1900: La Leggenda del Pianista Sull&#8217;Oceano<\/em>). Quis conhec\u00ea-lo porque soube que sua trilha sonora tinha a assinatura do mestre Ennio Morricone, que tenho apreciado h\u00e1 d\u00e9cadas.<\/p>\n<p>A hist\u00f3ria \u00e9 bem \u00e1gua-com-ac\u00facar. Come\u00e7a no ano 1900, e fala de um pianista excepcional que vivia num navio que fazia o percurso Europa-Am\u00e9rica. Entre outras habilidades, ele tinha o dom de improvisar m\u00fasicas que descreviam o car\u00e1ter das pessoas. Ele divertia seus amigos ao tocar &#8220;a m\u00fasica da pessoa&#8221;, assim que a observava entrar no sal\u00e3o de baile. E era admir\u00e1vel como a m\u00fasica se parecia com a pessoa &#8220;retratada&#8221;.<\/p>\n<p>Montou-se um est\u00fadio no navio para poder grav\u00e1-lo, uma vez que o pianista nunca pisava em terra firme. No momento em que ele come\u00e7a a dedilhar algumas notas, em busca de inspira\u00e7\u00e3o, aparece uma mo\u00e7a, de rosto sujo, que usa a janela como espelho. Ela fica ali, arrumando o rosto e o cabelo, sem perceber que \u00e9 vista de dentro do est\u00fadio.<\/p>\n<p>O pianista olha para ela, faz uma pausa e come\u00e7a a tocar, sem tirar os olhos hipnotizados dela. Nos cr\u00e9ditos autorais, l\u00ea-se que o t\u00edtulo dessa m\u00fasica, tema principal do filme, at\u00e9 ent\u00e3o somente sugerido, chama-se <em>Playing Love<a href=\"#_ftn1\">[1]<\/a>. A<\/em> cena \u00e9 de &#8220;m\u00fasica \u00e0 primeira vista&#8221;. Claro, a m\u00fasica \u00e9 linda e n\u00e3o h\u00e1 como dizer que n\u00e3o seja a &#8220;m\u00fasica da mo\u00e7a&#8221;. Morricone \u00e9 um g\u00eanio. Al\u00e9m disso, \u00e9 nesse momento que se percebe que todas as m\u00fasicas de fundo que j\u00e1 haviam sido apresentadas nada mais eram que varia\u00e7\u00f5es, pren\u00fancios dessa. &#8220;Amor&#8221;.<\/p>\n<p>O filme segue, mas eu fico aqui. Melhor n\u00e3o contar.<\/p>\n<p>Isso tudo me leva a pensar na &#8220;minha m\u00fasica&#8221;. Se Deus um dia disse: &#8220;haja o Rubem&#8221;, como ter\u00e1 sido essa m\u00fasica? uma m\u00fasica que, inequivocamente, fosse minha, fosse eu?<\/p>\n<p>Eu sei, estou viajando. Mas sinto que essa m\u00fasica tem tocado dentro de mim, a vida toda. Ela aparece aqui e ali, t\u00edmida, sutil, quase inaud\u00edvel. Fica mais percept\u00edvel nos anivers\u00e1rios, nos casamentos ou quando uma crian\u00e7a nasce. Acho que aos pais \u00e9 dado ouvir fragmentos da m\u00fasica de seus filhos, quando nascem, ou em momentos especiais de suas vidas.<\/p>\n<p>Eu imagino ouvi-la dentro em mim quando Deus est\u00e1 recriando algo; refazendo o que se havia rompido, estragado, perdido. Ela quase se desmascara em momentos de confiss\u00e3o e perd\u00e3o. Ah, sim, tamb\u00e9m nos reencontros muito acalentados, depois de longas separa\u00e7\u00f5es.<\/p>\n<p>\u00c9 por causa dessas observa\u00e7\u00f5es que penso que essa m\u00fasica essencial tem liga\u00e7\u00e3o com a ressurrei\u00e7\u00e3o. Porque a ressurrei\u00e7\u00e3o \u00e9 uma nova cria\u00e7\u00e3o; o que n\u00e3o era mais, volta a ser. Se for assim, o mundo (agora habitado) ouvir\u00e1 novamente a m\u00fasica do grande &#8220;haja&#8221;, quando Deus disser: &#8220;eis que fa\u00e7o novas todas as coisas&#8221;. Ser\u00e1 uma sinfonia celestial.<\/p>\n<p>N\u00e3o sei, num momento s\u00e3o acordes esparsos, noutro orquestra\u00e7\u00f5es cheias, mas que mostram apenas alguns compassos e logo se misturam com os sons da vida. V\u00e3o fazendo uma esp\u00e9cie de prel\u00fadio, de ensaio, para o grande concerto.<\/p>\n<p>Imagino que quando Deus finalmente tocar a minha m\u00fasica abertamente, talvez seja apenas um solo de obo\u00e9 acompanhado de muitas cordas, e eu a reconhecerei e direi: essa sou eu; essa m\u00fasica \u00e9 o meu nome. Ato cont\u00ednuo, verei que essa &#8220;assinatura do Criador&#8221; estava escrita numa certa pedrinha branca, copiada de um livro antigo, escrito antes da funda\u00e7\u00e3o do mundo.<\/p>\n<p>Ent\u00e3o ouvirei todas as outras m\u00fasicas, e me perceberei como parte da Cria\u00e7\u00e3o, parte de uma imensa sinfonia de amor. E ouvirei Deus <em>playing love<\/em>.<\/p>\n<p>Que viagem, hem? Mas agora preciso terminar o que comecei.<\/p>\n<p>A m\u00fasica \u00e9 ingrediente da minha receita. N\u00e3o me refiro \u00e0quela que eu toco, n\u00e3o o imperfeito louvor ou a fr\u00e1gil adora\u00e7\u00e3o que apresento ao meu Criador (ecos long\u00ednquos da <em>harmonia essencial<\/em> que vibra em mim), mas aquela que me criou e ainda se desenvolve em mim, pelo seu Esp\u00edrito; aquela da qual eu sou feito.<\/p>\n<hr size=\"1\" \/>\n<p><a href=\"#_ftnref\">[1]<\/a> Veja a cena, abaixo.\u00a0https:\/\/www.facebook.com\/ramorese\/videos\/1091907837506126\/<\/p>\n","protected":false},"excerpt":{"rendered":"<p>Ent\u00e3o&#8230; me perceberei como parte da Cria\u00e7\u00e3o, parte de uma imensa sinfonia de amor.<\/p>\n","protected":false},"author":13,"featured_media":916,"comment_status":"open","ping_status":"open","sticky":false,"template":"","format":"standard","meta":{"footnotes":""},"categories":[116,115],"tags":[],"class_list":["post-911","post","type-post","status-publish","format-standard","has-post-thumbnail","hentry","category-blog","category-videos"],"_links":{"self":[{"href":"https:\/\/ultimato.com.br\/sites\/amorese\/wp-json\/wp\/v2\/posts\/911","targetHints":{"allow":["GET"]}}],"collection":[{"href":"https:\/\/ultimato.com.br\/sites\/amorese\/wp-json\/wp\/v2\/posts"}],"about":[{"href":"https:\/\/ultimato.com.br\/sites\/amorese\/wp-json\/wp\/v2\/types\/post"}],"author":[{"embeddable":true,"href":"https:\/\/ultimato.com.br\/sites\/amorese\/wp-json\/wp\/v2\/users\/13"}],"replies":[{"embeddable":true,"href":"https:\/\/ultimato.com.br\/sites\/amorese\/wp-json\/wp\/v2\/comments?post=911"}],"version-history":[{"count":12,"href":"https:\/\/ultimato.com.br\/sites\/amorese\/wp-json\/wp\/v2\/posts\/911\/revisions"}],"predecessor-version":[{"id":924,"href":"https:\/\/ultimato.com.br\/sites\/amorese\/wp-json\/wp\/v2\/posts\/911\/revisions\/924"}],"wp:featuredmedia":[{"embeddable":true,"href":"https:\/\/ultimato.com.br\/sites\/amorese\/wp-json\/wp\/v2\/media\/916"}],"wp:attachment":[{"href":"https:\/\/ultimato.com.br\/sites\/amorese\/wp-json\/wp\/v2\/media?parent=911"}],"wp:term":[{"taxonomy":"category","embeddable":true,"href":"https:\/\/ultimato.com.br\/sites\/amorese\/wp-json\/wp\/v2\/categories?post=911"},{"taxonomy":"post_tag","embeddable":true,"href":"https:\/\/ultimato.com.br\/sites\/amorese\/wp-json\/wp\/v2\/tags?post=911"}],"curies":[{"name":"wp","href":"https:\/\/api.w.org\/{rel}","templated":true}]}}