{"id":904,"date":"2011-04-07T11:22:00","date_gmt":"2011-04-07T14:22:00","guid":{"rendered":"http:\/\/ultimato.com.br\/sites\/amorese\/?p=904"},"modified":"2011-04-07T11:22:00","modified_gmt":"2011-04-07T14:22:00","slug":"bendita-cruz-infame","status":"publish","type":"post","link":"https:\/\/ultimato.com.br\/sites\/amorese\/2011\/04\/07\/bendita-cruz-infame\/","title":{"rendered":"Bendita Cruz Infame"},"content":{"rendered":"<p><a href=\"http:\/\/ultimato.com.br\/sites\/amorese\/files\/2011\/04\/CruzBendita.jpg\"><img loading=\"lazy\" decoding=\"async\" src=\"http:\/\/ultimato.com.br\/sites\/amorese\/files\/2011\/04\/CruzBendita.jpg\" alt=\"\" title=\"CruzBendita\" width=\"200\" height=\"200\" class=\"alignleft size-full wp-image-908\" srcset=\"https:\/\/ultimato.com.br\/sites\/amorese\/files\/2011\/04\/CruzBendita.jpg 200w, https:\/\/ultimato.com.br\/sites\/amorese\/files\/2011\/04\/CruzBendita-150x150.jpg 150w, https:\/\/ultimato.com.br\/sites\/amorese\/files\/2011\/04\/CruzBendita-80x80.jpg 80w\" sizes=\"auto, (max-width: 200px) 100vw, 200px\" \/><\/a>Meu pai estava ouvindo nossos hinos da IPP e parou nos dois que falam da cruz de Cristo. Parou, pensou, escolheu as palavras e disse:<\/p>\n<p>\u2014 Voc\u00ea precisa se decidir sobre o que sente a respeito da cruz. Olhe essas duas letras: &#8220;Cruz Infame&#8221; e &#8220;Cruz Bendita&#8221;. Afinal, \u00e9 infame ou bendita? As duas coisas ela n\u00e3o pode ser.<\/p>\n<p>Essa abordagem do tema me pareceu interessante, e ensejou uma boa conversa sobre sem\u00e2ntica (o estudo dos significados) e, em decorr\u00eancia, sobre as diversas aproxima\u00e7\u00f5es poss\u00edveis da cruz.<\/p>\n<p>Costuma-se fugir de um grande problema &#8220;como o diabo foge da cruz&#8221;. De fato, em que pese o folclore, a cruz, para o diabo, \u00e9 sin\u00f4nimo de derrota. Nela ele foi cabalmente vencido e exposto ao desprezo (Col 2:15).<\/p>\n<p>H\u00e1 quem a menospreze, por n\u00e3o sentir necessidade de salva\u00e7\u00e3o. A reden\u00e7\u00e3o que ela traz (a palavra usada por Paulo \u00e9 &#8220;propicia\u00e7\u00e3o&#8221;, um sacrif\u00edcio substitutivo) n\u00e3o \u00e9 validada no cora\u00e7\u00e3o, por meio da f\u00e9, tornando-a ineficaz para sua salva\u00e7\u00e3o. \u00c9 vista por esses apenas como um fato hist\u00f3rico; long\u00ednquo e deprimente. Cena desagrad\u00e1vel, por sinal.<\/p>\n<p>N\u00e3o me parece estranho, portanto, ocorrerem sentimentos contradit\u00f3rios em um mesmo cora\u00e7\u00e3o, dependendo da circunst\u00e2ncia e da forma como ele se coloque diante dela.<\/p>\n<p>Come\u00e7o o hino &#8220;Cruz Infame&#8221; dizendo que ela &#8220;entre terra e c\u00e9u o meu Senhor ergueu&#8221; e o submeteu a vergonha, dor e vexame. Sob esse aspecto \u00e9 cruz infame! Mas o verso se completa: &#8220;por este triste r\u00e9u&#8221;. O que pensar, agora? &#8220;Aquela cruz maldita&#8221;, enquanto humilhava meu Senhor, &#8220;terra e c\u00e9u ligou&#8221;, como uma imensa escada, e &#8220;a d\u00edvida da escrita por todos resgatou&#8221;.<\/p>\n<p>Bem, nesse sentido eu olho para ela como &#8220;cruz bendita&#8221;, sem d\u00favida. E considero &#8220;bendito o dia em que encontrei a cruz de Cristo e seu perd\u00e3o&#8221;. E ser\u00e1 para sempre &#8220;bendita a paz que ele comprou e a vida eterna que nos deu&#8221;.<\/p>\n<p>Naquela cruz estava o meu perd\u00e3o. Naquela cruz est\u00e1 a minha paz. Ao olhar para o meu Senhor nela pendurado, como algu\u00e9m que nem Deus nem os homens desejavam (esse \u00e9 um dos significados do &#8220;ser levantado&#8221; entre a terra e o c\u00e9u), encontro ali perd\u00e3o para mim. &#8220;Cumpriu-se a lei-ditame, provou-se o seu amor; salvou-se um pecador&#8221;. Sim, este pecador.<\/p>\n<p>Diante dessa compreens\u00e3o, sou compelido a cantar que &#8220;amo a mensagem da cruz&#8221;. Mesmo que seja uma cruz t\u00e3o rude, t\u00e3o infame que dela o dia tenha fugido, pois era &#8220;emblema de vergonha e dor&#8221;.<\/p>\n<p>Se chego a chorar diante da humilha\u00e7\u00e3o do meu Senhor, diante de &#8220;tanta execra\u00e7\u00e3o&#8221;, quero ao mesmo tempo bendizer &#8220;a paz que ele me comprou&#8221;.<\/p>\n<p> Parecem sentimentos contradit\u00f3rios, como sugere meu pai? Ok, pode ser. Mas &#8220;eu amo a mensagem da cruz e at\u00e9 morrer eu a vou proclamar&#8221;. Mais que isso: &#8220;levarei eu tamb\u00e9m minha cruz\/&#8217;t\u00e9 por uma coroa trocar&#8221;.<\/p>\n<p>__________________________<br \/>\n    <a href=\"http:\/\/www.ippdf.com.br\/ipp\/musicasprontas\/422\">Cruz Bendita<\/a><br \/>\n    <a href=\"http:\/\/www.ippdf.com.br\/ipp\/musicasprontas\/202\">Cruz Infame<\/a><\/p>\n","protected":false},"excerpt":{"rendered":"<p>Voc\u00ea precisa se decidir sobre o que sente a respeito da cruz. Afinal, \u00e9 infame ou bendita? As duas coisas ela n\u00e3o pode ser. N\u00e3o mesmo?<\/p>\n","protected":false},"author":13,"featured_media":908,"comment_status":"open","ping_status":"open","sticky":false,"template":"","format":"standard","meta":{"footnotes":""},"categories":[116,4242],"tags":[],"class_list":["post-904","post","type-post","status-publish","format-standard","has-post-thumbnail","hentry","category-blog","category-musicas"],"_links":{"self":[{"href":"https:\/\/ultimato.com.br\/sites\/amorese\/wp-json\/wp\/v2\/posts\/904","targetHints":{"allow":["GET"]}}],"collection":[{"href":"https:\/\/ultimato.com.br\/sites\/amorese\/wp-json\/wp\/v2\/posts"}],"about":[{"href":"https:\/\/ultimato.com.br\/sites\/amorese\/wp-json\/wp\/v2\/types\/post"}],"author":[{"embeddable":true,"href":"https:\/\/ultimato.com.br\/sites\/amorese\/wp-json\/wp\/v2\/users\/13"}],"replies":[{"embeddable":true,"href":"https:\/\/ultimato.com.br\/sites\/amorese\/wp-json\/wp\/v2\/comments?post=904"}],"version-history":[{"count":5,"href":"https:\/\/ultimato.com.br\/sites\/amorese\/wp-json\/wp\/v2\/posts\/904\/revisions"}],"predecessor-version":[{"id":910,"href":"https:\/\/ultimato.com.br\/sites\/amorese\/wp-json\/wp\/v2\/posts\/904\/revisions\/910"}],"wp:featuredmedia":[{"embeddable":true,"href":"https:\/\/ultimato.com.br\/sites\/amorese\/wp-json\/wp\/v2\/media\/908"}],"wp:attachment":[{"href":"https:\/\/ultimato.com.br\/sites\/amorese\/wp-json\/wp\/v2\/media?parent=904"}],"wp:term":[{"taxonomy":"category","embeddable":true,"href":"https:\/\/ultimato.com.br\/sites\/amorese\/wp-json\/wp\/v2\/categories?post=904"},{"taxonomy":"post_tag","embeddable":true,"href":"https:\/\/ultimato.com.br\/sites\/amorese\/wp-json\/wp\/v2\/tags?post=904"}],"curies":[{"name":"wp","href":"https:\/\/api.w.org\/{rel}","templated":true}]}}