{"id":850,"date":"2011-03-14T11:21:18","date_gmt":"2011-03-14T14:21:18","guid":{"rendered":"http:\/\/ultimato.com.br\/sites\/amorese\/?p=850"},"modified":"2011-03-14T11:51:17","modified_gmt":"2011-03-14T14:51:17","slug":"anelos-2011","status":"publish","type":"post","link":"https:\/\/ultimato.com.br\/sites\/amorese\/2011\/03\/14\/anelos-2011\/","title":{"rendered":"Anelos 2011"},"content":{"rendered":"<p><a href=\"http:\/\/ultimato.com.br\/sites\/amorese\/files\/2011\/03\/home_661.jpg\"><img loading=\"lazy\" decoding=\"async\" class=\"alignleft size-full wp-image-852\" title=\"home_66\" src=\"http:\/\/ultimato.com.br\/sites\/amorese\/files\/2011\/03\/home_661.jpg\" alt=\"\" width=\"200\" height=\"150\" \/><\/a>Em 1989 eu fui a Lausanne II, em Manila. Voltei comprometido: falando e escrevendo sobre \u201cmiss\u00e3o integral\u201d. J\u00e1 em 2010 n\u00e3o estive l\u00e1. Encerra-se, assim, meu compromisso \u201cformal\u201d com o movimento. Mas n\u00e3o com a miss\u00e3o da igreja. \u00c9 assim que, sob essa \u00f3tica \u201ccongressualmente alienada\u201d, fa\u00e7o meus votos para 2011. Na verdade, n\u00e3o s\u00e3o votos, e sim pedidos. Talvez apenas anelos. Talvez apenas o desejo de querer. Eis minha singela ousadia.<\/p>\n<p>Em 2011, eu gostaria de receber tr\u00eas \u201cirm\u00e3os de confiss\u00e3o\u201d; irm\u00e3os que me ouvissem e de quem eu tamb\u00e9m pudesse ouvir o cora\u00e7\u00e3o. Eu pediria mais: doze pessoas que quisessem caminhar comigo o caminho com o qual passo a sonhar, a seguir.<\/p>\n<p>Juntos, buscar\u00edamos a leitura devocional,  o conhecimento apaixonado, a obedi\u00eancia amorosa e a proclama\u00e7\u00e3o destemida da Palavra de Deus.<\/p>\n<p>Juntos, nos estimular\u00edamos \u00e0 ora\u00e7\u00e3o, entendida como relacionamento \u00edntimo e amoroso com o \u201cPai nosso\u201d.<\/p>\n<p>Juntos, nos abrir\u00edamos aos dons espirituais; aqueles carismas e manifesta\u00e7\u00f5es do Esp\u00edrito que nos habilitam para sua obra (os minist\u00e9rios), e os oferecer\u00edamos \u00e0 igreja, em obedi\u00eancia e anonimato (e gozar\u00edamos da felicidade de ver o nosso c\u00e1lice transbordar).<\/p>\n<p>Juntos, escolher\u00edamos a Deus como o centro da nossa devo\u00e7\u00e3o. Nas decis\u00f5es, nos planos, nos neg\u00f3cios, na fam\u00edlia, nos minist\u00e9rios e no andar juntos, j\u00e1 n\u00e3o pensar\u00edamos tanto em n\u00f3s mesmos, mas nele e em seu reino; e dir\u00edamos, com um fervor renovado: fa\u00e7a-se a tua vontade.<\/p>\n<p>Juntos, buscar\u00edamos maior sensibilidade \u00e9tica; maior capacidade de perceber o erro e a injusti\u00e7a, fossem acidentais, pessoais ou estruturais, e de lutar para repar\u00e1-las, no que estivesse ao nosso alcance.<\/p>\n<p>Juntos, buscar\u00edamos crescer na comunh\u00e3o e no compromisso eclesi\u00e1stico: na disponibilidade para as necessidades dos irm\u00e3os,?na presen\u00e7a, na const\u00e2ncia, na fidelidade, na paci\u00eancia, no altru\u00edsmo e no servi\u00e7o an\u00f4nimo.<\/p>\n<p>Juntos, buscar\u00edamos dilig\u00eancia evangel\u00edstica, movida pelo amor e n\u00e3o apenas por um &#8220;ide&#8221;; dilig\u00eancia essa que rompe fronteiras, que fala, que exorta, que sofre, que chama, que abre a B\u00edblia e que testemunha.<\/p>\n<blockquote>\n<h5><span style=\"color: #3366ff;\">Talvez essa t\u00edmida vontade,<br \/>\nnas m\u00e3os de Deus, seja suficiente.<\/span><\/h5>\n<\/blockquote>\n<p style=\"text-align: center;\">\n<p>Juntos, encontrar\u00edamos, certamente, uma nova alegria no evangelho; um novo c\u00e2ntico, um novo compromisso, uma nova sensibilidade para o mover do Esp\u00edrito de Deus;?um novo f\u00f4lego de afei\u00e7\u00f5es e confian\u00e7a, em Cristo, que leva \u00e0 adora\u00e7\u00e3o, \u00e0 ousadia espiritual, ao disp\u00eandio de tempo na presen\u00e7a de Deus, \u00e0 f\u00e9 b\u00edblica, \u00e0 confiss\u00e3o de pecados, \u00e0 miseric\u00f3rdia, ao perd\u00e3o sacrificial, \u00e0 supera\u00e7\u00e3o de limita\u00e7\u00f5es pessoais e relacionais.<\/p>\n<p>Juntos, buscar\u00edamos, com avidez, aprender sobre as m\u00faltiplas dimens\u00f5es da nossa miss\u00e3o, na \u201cJerusal\u00e9m\u201d em que vivemos.<\/p>\n<p>E agora, com aqueles que o Pai nos acrescentasse, buscar\u00edamos crescer em maturidade, com f\u00e9 e humildade.<\/p>\n<p>Com singela alegria e gratid\u00e3o, ent\u00e3o, suportar\u00edamos com paci\u00eancia as tribula\u00e7\u00f5es, sabendo que essa experi\u00eancia, ao final, produzir\u00e1 em n\u00f3s boa esperan\u00e7a.<\/p>\n<p>Estarei sonhando demais? Ser\u00e1 que quero, mesmo, tudo isso? Bem, de uma coisa estou certo: gostaria de querer. Talvez essa t\u00edmida vontade, nas m\u00e3os de Deus, seja suficiente.<\/p>\n<p>___________________________<br \/>\nUma sugest\u00e3o de m\u00fasica: <a href=\"http:\/\/www.ippdf.com.br\/ipp\/musicasprontas\/224\">Jeremias 33<\/a>.<\/p>\n","protected":false},"excerpt":{"rendered":"<p>Talvez essa t\u00edmida vontade, nas m\u00e3os de Deus, seja suficiente.<\/p>\n","protected":false},"author":13,"featured_media":0,"comment_status":"open","ping_status":"open","sticky":false,"template":"","format":"standard","meta":{"footnotes":""},"categories":[116,119],"tags":[],"class_list":["post-850","post","type-post","status-publish","format-standard","hentry","category-blog","category-na-ultimato"],"_links":{"self":[{"href":"https:\/\/ultimato.com.br\/sites\/amorese\/wp-json\/wp\/v2\/posts\/850","targetHints":{"allow":["GET"]}}],"collection":[{"href":"https:\/\/ultimato.com.br\/sites\/amorese\/wp-json\/wp\/v2\/posts"}],"about":[{"href":"https:\/\/ultimato.com.br\/sites\/amorese\/wp-json\/wp\/v2\/types\/post"}],"author":[{"embeddable":true,"href":"https:\/\/ultimato.com.br\/sites\/amorese\/wp-json\/wp\/v2\/users\/13"}],"replies":[{"embeddable":true,"href":"https:\/\/ultimato.com.br\/sites\/amorese\/wp-json\/wp\/v2\/comments?post=850"}],"version-history":[{"count":9,"href":"https:\/\/ultimato.com.br\/sites\/amorese\/wp-json\/wp\/v2\/posts\/850\/revisions"}],"predecessor-version":[{"id":869,"href":"https:\/\/ultimato.com.br\/sites\/amorese\/wp-json\/wp\/v2\/posts\/850\/revisions\/869"}],"wp:attachment":[{"href":"https:\/\/ultimato.com.br\/sites\/amorese\/wp-json\/wp\/v2\/media?parent=850"}],"wp:term":[{"taxonomy":"category","embeddable":true,"href":"https:\/\/ultimato.com.br\/sites\/amorese\/wp-json\/wp\/v2\/categories?post=850"},{"taxonomy":"post_tag","embeddable":true,"href":"https:\/\/ultimato.com.br\/sites\/amorese\/wp-json\/wp\/v2\/tags?post=850"}],"curies":[{"name":"wp","href":"https:\/\/api.w.org\/{rel}","templated":true}]}}