{"id":602,"date":"2010-11-06T08:07:41","date_gmt":"2010-11-06T11:07:41","guid":{"rendered":"http:\/\/ultimato.com.br\/sites\/amorese\/?p=602"},"modified":"2010-11-06T08:07:41","modified_gmt":"2010-11-06T11:07:41","slug":"quem-e-o-menino","status":"publish","type":"post","link":"https:\/\/ultimato.com.br\/sites\/amorese\/2010\/11\/06\/quem-e-o-menino\/","title":{"rendered":"Quem \u00e9 o Menino?"},"content":{"rendered":"<p><a href=\"http:\/\/ultimato.com.br\/sites\/amorese\/files\/2010\/11\/QuemMenino.jpg\"><img loading=\"lazy\" decoding=\"async\" src=\"http:\/\/ultimato.com.br\/sites\/amorese\/files\/2010\/11\/QuemMenino.jpg\" alt=\"\" title=\"QuemMenino\" width=\"200\" height=\"200\" class=\"alignleft size-full wp-image-603\" srcset=\"https:\/\/ultimato.com.br\/sites\/amorese\/files\/2010\/11\/QuemMenino.jpg 200w, https:\/\/ultimato.com.br\/sites\/amorese\/files\/2010\/11\/QuemMenino-150x150.jpg 150w, https:\/\/ultimato.com.br\/sites\/amorese\/files\/2010\/11\/QuemMenino-80x80.jpg 80w\" sizes=\"auto, (max-width: 200px) 100vw, 200px\" \/><\/a><br \/>\nEstamos em novembro, e come\u00e7amos a sentir o clima, a proximidade do Natal. Ent\u00e3o, voc\u00ea j\u00e1 pode come\u00e7ar a imaginar um menino rec\u00e9m-nascido, dormindo nos bra\u00e7os de Sime\u00e3o, idoso mas de cora\u00e7\u00e3o descompassado, ao ponto de quase acordar a crian\u00e7a.<br \/>\nFiz a letra e a m\u00fasica veio f\u00e1cil, logo em seguida, j\u00e1 pedindo quatro vozes. Na hora de gravar o quarteto, faltava o baixo. Esperamos at\u00e9 que amanheci gripado. Liguei para o Toninho e gravamos.<\/p>\n<p>Quem \u00e9 o menino<br \/>\nQue o anjo anuncia<br \/>\n\u00c0 surpresa Maria,<br \/>\nCom tanta emo\u00e7\u00e3o?<\/p>\n<p>Quem \u00e9 o menino<br \/>\nQue, em ber\u00e7o t\u00e3o pobre,<br \/>\nA rei, s\u00e1bio e nobre<br \/>\nProduz devo\u00e7\u00e3o?<\/p>\n<blockquote><p>\u00c9 Deus conosco,<br \/>\nEmanuel.<br \/>\nGl\u00f3ria na terra e c\u00e9u!<\/p><\/blockquote>\n<p>Quem \u00e9 o menino<br \/>\nQue dorme embalado<br \/>\nNo seio cansado<br \/>\nDo seu Sime\u00e3o?<\/p>\n<p>Quem \u00e9 o menino<br \/>\nQue, em panos singelos,<br \/>\nResponde aos anelos<br \/>\nDo meu cora\u00e7\u00e3o?<\/p>\n","protected":false},"excerpt":{"rendered":"<p>Estamos em novembro, e come\u00e7amos a sentir o clima, a proximidade do Natal. Ent\u00e3o, voc\u00ea j\u00e1 pode come\u00e7ar a imaginar um menino rec\u00e9m-nascido, dormindo nos bra\u00e7os de Sime\u00e3o, idoso mas de cora\u00e7\u00e3o descompassado, ao ponto de quase acordar a crian\u00e7a.<br \/>\nFiz a letra e a m\u00fasica veio f\u00e1cil, logo em seguida, j\u00e1 pedindo quatro vozes. Na [&#8230;]<\/p>\n","protected":false},"author":13,"featured_media":0,"comment_status":"open","ping_status":"open","sticky":false,"template":"","format":"standard","meta":{"footnotes":""},"categories":[4242],"tags":[],"class_list":["post-602","post","type-post","status-publish","format-standard","hentry","category-musicas"],"_links":{"self":[{"href":"https:\/\/ultimato.com.br\/sites\/amorese\/wp-json\/wp\/v2\/posts\/602","targetHints":{"allow":["GET"]}}],"collection":[{"href":"https:\/\/ultimato.com.br\/sites\/amorese\/wp-json\/wp\/v2\/posts"}],"about":[{"href":"https:\/\/ultimato.com.br\/sites\/amorese\/wp-json\/wp\/v2\/types\/post"}],"author":[{"embeddable":true,"href":"https:\/\/ultimato.com.br\/sites\/amorese\/wp-json\/wp\/v2\/users\/13"}],"replies":[{"embeddable":true,"href":"https:\/\/ultimato.com.br\/sites\/amorese\/wp-json\/wp\/v2\/comments?post=602"}],"version-history":[{"count":8,"href":"https:\/\/ultimato.com.br\/sites\/amorese\/wp-json\/wp\/v2\/posts\/602\/revisions"}],"predecessor-version":[{"id":611,"href":"https:\/\/ultimato.com.br\/sites\/amorese\/wp-json\/wp\/v2\/posts\/602\/revisions\/611"}],"wp:attachment":[{"href":"https:\/\/ultimato.com.br\/sites\/amorese\/wp-json\/wp\/v2\/media?parent=602"}],"wp:term":[{"taxonomy":"category","embeddable":true,"href":"https:\/\/ultimato.com.br\/sites\/amorese\/wp-json\/wp\/v2\/categories?post=602"},{"taxonomy":"post_tag","embeddable":true,"href":"https:\/\/ultimato.com.br\/sites\/amorese\/wp-json\/wp\/v2\/tags?post=602"}],"curies":[{"name":"wp","href":"https:\/\/api.w.org\/{rel}","templated":true}]}}