{"id":596,"date":"2010-11-02T12:59:35","date_gmt":"2010-11-02T15:59:35","guid":{"rendered":"http:\/\/ultimato.com.br\/sites\/amorese\/?p=596"},"modified":"2010-11-02T12:59:35","modified_gmt":"2010-11-02T15:59:35","slug":"pai-nosso-garagem","status":"publish","type":"post","link":"https:\/\/ultimato.com.br\/sites\/amorese\/2010\/11\/02\/pai-nosso-garagem\/","title":{"rendered":"Pai Nosso (garagem)"},"content":{"rendered":"<p><a href=\"http:\/\/ultimato.com.br\/sites\/amorese\/files\/2010\/11\/PaiNosso.jpg\"><img loading=\"lazy\" decoding=\"async\" src=\"http:\/\/ultimato.com.br\/sites\/amorese\/files\/2010\/11\/PaiNosso.jpg\" alt=\"\" title=\"PaiNosso\" width=\"100\" height=\"100\" class=\"alignleft size-full wp-image-597\" srcset=\"https:\/\/ultimato.com.br\/sites\/amorese\/files\/2010\/11\/PaiNosso.jpg 100w, https:\/\/ultimato.com.br\/sites\/amorese\/files\/2010\/11\/PaiNosso-80x80.jpg 80w\" sizes=\"auto, (max-width: 100px) 100vw, 100px\" \/><\/a><\/p>\n<p>O Rev. Ricardo Barbosa incluiu, definitivamente, na liturgia da Escola Dominical, a recita\u00e7\u00e3o em un\u00edssono da ora\u00e7\u00e3o do Pai nosso. Como reflexo disso, aqui vai minha vers\u00e3o da m\u00fasica correspondente.<br \/>\nNo intuito de ficar o mais pr\u00f3ximo poss\u00edvel do texto b\u00edblico, mantendo, ao m\u00e1ximo, rima, ritmo e m\u00e9trica, uso duas tradu\u00e7\u00f5es. Aten\u00e7\u00e3o, \u00e9 rascunho ainda, ok?<br \/>\nAh, sim: vou subir o tom dela; um tom e meio ou dois. Est\u00e1 grave demais. \ud83d\ude42<\/p>\n<p>Pai nosso, que est\u00e1s nos c\u00e9us,<br \/>\nSantificado seja o teu nome, nome;<br \/>\nVenha, venha o teu reino a n\u00f3s;<\/p>\n<p>Que seja feita tua vontade,<br \/>\nAssim na terra como no c\u00e9u, no c\u00e9u;<br \/>\nD\u00e1-nos de cada dia o nosso p\u00e3o.<\/p>\n<p>E perdoa-nos, Senhor,<br \/>\nNossas transgress\u00f5es,<br \/>\nComo perdoamos<br \/>\nNossos devedores;<\/p>\n<p>E n\u00e3o nos deixes cair em tenta\u00e7\u00e3o;<br \/>\nMas livra-nos de todo o mal,<br \/>\nPois teu \u00e9 o reino,<br \/>\nO poder e a gl\u00f3ria, pra sempre.<br \/>\nAm\u00e9m.<\/p>\n","protected":false},"excerpt":{"rendered":"<p>O Rev. Ricardo Barbosa incluiu, definitivamente, na liturgia da Escola Dominical, a recita\u00e7\u00e3o em un\u00edssono da ora\u00e7\u00e3o do Pai nosso. Como reflexo disso, aqui vai minha vers\u00e3o da m\u00fasica correspondente.<br \/>\nNo intuito de ficar o mais pr\u00f3ximo poss\u00edvel do texto b\u00edblico, mantendo, ao m\u00e1ximo, rima, ritmo e m\u00e9trica, uso duas tradu\u00e7\u00f5es. Aten\u00e7\u00e3o, \u00e9 rascunho ainda, ok?<br \/>\nAh, [&#8230;]<\/p>\n","protected":false},"author":13,"featured_media":0,"comment_status":"open","ping_status":"open","sticky":false,"template":"","format":"standard","meta":{"footnotes":""},"categories":[4242],"tags":[],"class_list":["post-596","post","type-post","status-publish","format-standard","hentry","category-musicas"],"_links":{"self":[{"href":"https:\/\/ultimato.com.br\/sites\/amorese\/wp-json\/wp\/v2\/posts\/596","targetHints":{"allow":["GET"]}}],"collection":[{"href":"https:\/\/ultimato.com.br\/sites\/amorese\/wp-json\/wp\/v2\/posts"}],"about":[{"href":"https:\/\/ultimato.com.br\/sites\/amorese\/wp-json\/wp\/v2\/types\/post"}],"author":[{"embeddable":true,"href":"https:\/\/ultimato.com.br\/sites\/amorese\/wp-json\/wp\/v2\/users\/13"}],"replies":[{"embeddable":true,"href":"https:\/\/ultimato.com.br\/sites\/amorese\/wp-json\/wp\/v2\/comments?post=596"}],"version-history":[{"count":4,"href":"https:\/\/ultimato.com.br\/sites\/amorese\/wp-json\/wp\/v2\/posts\/596\/revisions"}],"predecessor-version":[{"id":601,"href":"https:\/\/ultimato.com.br\/sites\/amorese\/wp-json\/wp\/v2\/posts\/596\/revisions\/601"}],"wp:attachment":[{"href":"https:\/\/ultimato.com.br\/sites\/amorese\/wp-json\/wp\/v2\/media?parent=596"}],"wp:term":[{"taxonomy":"category","embeddable":true,"href":"https:\/\/ultimato.com.br\/sites\/amorese\/wp-json\/wp\/v2\/categories?post=596"},{"taxonomy":"post_tag","embeddable":true,"href":"https:\/\/ultimato.com.br\/sites\/amorese\/wp-json\/wp\/v2\/tags?post=596"}],"curies":[{"name":"wp","href":"https:\/\/api.w.org\/{rel}","templated":true}]}}