{"id":241,"date":"2010-06-22T15:23:17","date_gmt":"2010-06-22T15:23:17","guid":{"rendered":"http:\/\/ultimato.com.br\/sites\/amorese\/?p=241"},"modified":"2010-08-26T15:24:16","modified_gmt":"2010-08-26T15:24:16","slug":"e-que-governe-bem-a-propria-casa","status":"publish","type":"post","link":"https:\/\/ultimato.com.br\/sites\/amorese\/2010\/06\/22\/e-que-governe-bem-a-propria-casa\/","title":{"rendered":"E que governe bem a pr\u00f3pria casa"},"content":{"rendered":"<p><a href=\"http:\/\/ultimato.com.br\/sites\/amorese\/files\/2010\/08\/Eleicoes.jpg\"><img loading=\"lazy\" decoding=\"async\" class=\"alignleft size-full wp-image-242\" title=\"Eleicoes\" src=\"http:\/\/ultimato.com.br\/sites\/amorese\/files\/2010\/08\/Eleicoes.jpg\" alt=\"\" width=\"150\" height=\"200\" srcset=\"https:\/\/ultimato.com.br\/sites\/amorese\/files\/2010\/08\/Eleicoes.jpg 150w, https:\/\/ultimato.com.br\/sites\/amorese\/files\/2010\/08\/Eleicoes-112x150.jpg 112w\" sizes=\"auto, (max-width: 150px) 100vw, 150px\" \/><\/a>Quero propor que,  nas elei\u00e7\u00f5es deste ano, voc\u00ea vote em um economista. N\u00e3o estranhe, n\u00e3o \u00e9  qualquer economista. Para merecer seu voto, ele precisar\u00e1 ser  competente, no sentido proposto pelo ap\u00f3stolo Paulo, ao falar em  elei\u00e7\u00f5es para presb\u00edteros e di\u00e1conos (1Tm 3.4, 12).<\/p>\n<p>Deixe-me explicar: a  palavra \u201ceconomia\u201d \u00e9 formada do grego \u201coikos\u201d (casa) + \u201cnomos\u201d (ordem,  governo). Economia, ent\u00e3o, \u201coiko+nomia\u201d, era a boa administra\u00e7\u00e3o da  casa, do lar. \u00c9 por isso que Paulo nos recomenda que examinemos a vida  familiar daquele que aspira ao episcopado, \u201cpois, se algu\u00e9m n\u00e3o sabe  governar a pr\u00f3pria casa, como cuidar\u00e1 da igreja de Deus?\u201d (v. 5). O  bispo, no caso, tinha fun\u00e7\u00f5es de administrador, al\u00e9m de lideran\u00e7a  espiritual.<\/p>\n<p>Essa proposta pode suscitar  um questionamento razo\u00e1vel, no sentido de que n\u00e3o devemos transpor  nossos padr\u00f5es ao mundo, nem lhe impingir nossa f\u00e9. Afinal,  pretendemo-nos uma rep\u00fablica laica. Concordo. Mas, n\u00e3o \u00e9 isso que estou  propondo. Estou apenas sugerindo aos meus irm\u00e3os crist\u00e3os um crit\u00e9rio de  escolha. Um crit\u00e9rio b\u00edblico para as elei\u00e7\u00f5es realizadas na igreja.  Proponho um modo eclesi\u00e1stico de olhar para um candidato secular.  Pode ser? Claro que pode! Se o candidato for um reconhecido alco\u00f3latra,  podemos negar-lhe nosso voto. N\u00e3o estaremos usando a recomenda\u00e7\u00e3o \u201cn\u00e3o  dado a muito vinho\u201d, encontrada no mesmo texto? E se for um \u201cficha  suja\u201d, n\u00e3o usaremos o crit\u00e9rio \u201ce que tenha bom testemunho dos de fora\u201d  para desclassific\u00e1-lo?<\/p>\n<p>Voc\u00ea j\u00e1 reparou como, em  muitos lugares do mundo, os pol\u00edticos fazem quest\u00e3o de aparecer em  p\u00fablico acompanhados do c\u00f4njuge e dos filhos? Claro que n\u00e3o est\u00e3o  pensando na B\u00edblia. Est\u00e3o pensando em \u201cmarketing\u201d pol\u00edtico. E, mesmo que  vivam \u00e0s turras com o c\u00f4njuge ou que estejam se divorciando, em \u00e9poca  de elei\u00e7\u00e3o isso precisa ser escondido, a qualquer pre\u00e7o. S\u00e3o proverbiais  os casos de pol\u00edticos que pagam uma fortuna para ter o c\u00f4njuge,  sorridente, no seu palanque. Ora, se esse fen\u00f4meno, mesmo visto como  hipocrisia burguesa, ainda vigora em muitas sociedades modernas, at\u00e9 nas  mais secularizadas, por que n\u00e3o usar tal crit\u00e9rio, agora, em tempos de  lusco-fusco moral e pol\u00edtico?<\/p>\n<p>Algu\u00e9m dir\u00e1 que uma fam\u00edlia  de bandidos pode ser muito bem \u201cadministrada\u201d pelo fac\u00ednora maior. \u00c9  verdade. H\u00e1 fam\u00edlias dedicadas ao crime com invej\u00e1vel \u201ceconomia\u201d. Por\u00e9m,  n\u00e3o somos eleitores t\u00e3o ing\u00eanuos e alienados assim. Se procurarmos  saber da vida privada daquele candidato que mora em nossa cidade, cujo  filho vai \u00e0 mesma escola que o nosso e cuja esposa compra no mesmo  supermercado, ent\u00e3o muita coisa poder\u00e1 ser levantada sobre a compet\u00eancia  \u201cecon\u00f4mica\u201d daquele candidato. Talvez essa seja uma das vantagens do  voto distrital &#8212; os candidatos est\u00e3o mais perto dos eleitores.<\/p>\n<p>Concentre-se nas rela\u00e7\u00f5es  familiares. Descubra como ele ou ela vive em fam\u00edlia. Se poss\u00edvel, monte  uma rede de informa\u00e7\u00f5es, com seus irm\u00e3os e amigos. D\u00ea prefer\u00eancia  \u00e0quele candidato que tem a casa em ordem, independente de ele ser um  iniciante, com pouco \u201cibope\u201d. E aten\u00e7\u00e3o: n\u00e3o relaxe com religiosos.  Todos devem ser submetidos ao mesmo crit\u00e9rio. Se fazemos assim com  irm\u00e3os da nossa igreja, por que n\u00e3o o faremos quando esses mesmos irm\u00e3os  se lan\u00e7arem na \u00e1rea p\u00fablica?<\/p>\n<p>Eu sei, \u00e9 muito pouco. E as  propostas dele? E o seu passado pol\u00edtico? E as alian\u00e7as que j\u00e1 fez ou  que ter\u00e1 de fazer? Claro, tudo isso \u00e9 importante. E vale a pena ser  considerado. E faz parte da cidadania podermos avaliar tudo isso  secretamente. Mas, se tudo isso estiver muito confuso para voc\u00ea, e  todos, na televis\u00e3o, parecerem c\u00f3pias uns dos outros, ent\u00e3o aplique ao  caso o conselho de Paulo.<\/p>\n<p>E, se voc\u00ea descobrir que  aquela pessoa super cotada pela m\u00eddia \u00e9 um desastre em \u201coikonomia\u201d, n\u00e3o  tenha d\u00favida, escolha outra. Pois, se algu\u00e9m n\u00e3o sabe governar a pr\u00f3pria  casa, como cuidar\u00e1 da coisa p\u00fablica? Pelo menos, voc\u00ea n\u00e3o estar\u00e1  errando no b\u00e1sico.<\/p>\n","protected":false},"excerpt":{"rendered":"<p>Quero propor que,  nas elei\u00e7\u00f5es deste ano, voc\u00ea vote em um economista. N\u00e3o estranhe, n\u00e3o \u00e9  qualquer economista. Para merecer seu voto, ele precisar\u00e1 ser  competente, no sentido proposto pelo ap\u00f3stolo Paulo, ao falar em  elei\u00e7\u00f5es para presb\u00edteros e di\u00e1conos (1Tm 3.4, 12).<br \/>\nDeixe-me explicar: a  palavra \u201ceconomia\u201d \u00e9 formada do [&#8230;]<\/p>\n","protected":false},"author":7,"featured_media":0,"comment_status":"open","ping_status":"open","sticky":false,"template":"","format":"standard","meta":{"footnotes":""},"categories":[116],"tags":[],"class_list":["post-241","post","type-post","status-publish","format-standard","hentry","category-blog"],"_links":{"self":[{"href":"https:\/\/ultimato.com.br\/sites\/amorese\/wp-json\/wp\/v2\/posts\/241","targetHints":{"allow":["GET"]}}],"collection":[{"href":"https:\/\/ultimato.com.br\/sites\/amorese\/wp-json\/wp\/v2\/posts"}],"about":[{"href":"https:\/\/ultimato.com.br\/sites\/amorese\/wp-json\/wp\/v2\/types\/post"}],"author":[{"embeddable":true,"href":"https:\/\/ultimato.com.br\/sites\/amorese\/wp-json\/wp\/v2\/users\/7"}],"replies":[{"embeddable":true,"href":"https:\/\/ultimato.com.br\/sites\/amorese\/wp-json\/wp\/v2\/comments?post=241"}],"version-history":[{"count":2,"href":"https:\/\/ultimato.com.br\/sites\/amorese\/wp-json\/wp\/v2\/posts\/241\/revisions"}],"predecessor-version":[{"id":244,"href":"https:\/\/ultimato.com.br\/sites\/amorese\/wp-json\/wp\/v2\/posts\/241\/revisions\/244"}],"wp:attachment":[{"href":"https:\/\/ultimato.com.br\/sites\/amorese\/wp-json\/wp\/v2\/media?parent=241"}],"wp:term":[{"taxonomy":"category","embeddable":true,"href":"https:\/\/ultimato.com.br\/sites\/amorese\/wp-json\/wp\/v2\/categories?post=241"},{"taxonomy":"post_tag","embeddable":true,"href":"https:\/\/ultimato.com.br\/sites\/amorese\/wp-json\/wp\/v2\/tags?post=241"}],"curies":[{"name":"wp","href":"https:\/\/api.w.org\/{rel}","templated":true}]}}