{"id":234,"date":"2010-06-19T15:18:56","date_gmt":"2010-06-19T15:18:56","guid":{"rendered":"http:\/\/ultimato.com.br\/sites\/amorese\/?p=234"},"modified":"2010-08-26T15:20:14","modified_gmt":"2010-08-26T15:20:14","slug":"ressurreicao-esperanca-para-mortos-e-vivos","status":"publish","type":"post","link":"https:\/\/ultimato.com.br\/sites\/amorese\/2010\/06\/19\/ressurreicao-esperanca-para-mortos-e-vivos\/","title":{"rendered":"Ressurrei\u00e7\u00e3o:  Esperan\u00e7a para Mortos e Vivos"},"content":{"rendered":"<div>\n<div>\n<p><a href=\"http:\/\/ultimato.com.br\/sites\/amorese\/files\/2010\/08\/Tumba.jpg\"><img loading=\"lazy\" decoding=\"async\" class=\"alignleft size-full wp-image-235\" title=\"Tumba\" src=\"http:\/\/ultimato.com.br\/sites\/amorese\/files\/2010\/08\/Tumba.jpg\" alt=\"\" width=\"150\" height=\"200\" srcset=\"https:\/\/ultimato.com.br\/sites\/amorese\/files\/2010\/08\/Tumba.jpg 150w, https:\/\/ultimato.com.br\/sites\/amorese\/files\/2010\/08\/Tumba-112x150.jpg 112w\" sizes=\"auto, (max-width: 150px) 100vw, 150px\" \/><\/a>Pois  tamb\u00e9m Cristo morreu, uma \u00fanica vez, pelos pecados, o justo pelos  injustos, para conduzir-vos a Deus; morto, sim, na carne, mas vivificado  no esp\u00edrito, no qual tamb\u00e9m foi e pregou aos esp\u00edritos em pris\u00e3o, os  quais, noutro tempo, foram desobedientes quando a longanimidade de Deus  aguardava nos dias de No\u00e9, enquanto se preparava a arca, na qual poucos,  a saber, oito pessoas, foram salvos, atrav\u00e9s da \u00e1gua, a qual, figurando  o batismo, agora tamb\u00e9m vos salva, n\u00e3o sendo a remo\u00e7\u00e3o da imund\u00edcia da  carne, mas a indaga\u00e7\u00e3o de uma boa consci\u00eancia para com Deus, por meio da  ressurrei\u00e7\u00e3o de Jesus Cristo (1Pe 3:18-21).<\/p>\n<p>O simbolismo de Pedro sobre  o dil\u00favio convida-nos a meditar sobre o poder da ressurrei\u00e7\u00e3o, que  atua, n\u00e3o somente sobre os que j\u00e1 morreram, mas tamb\u00e9m sobre n\u00f3s, que  ainda estamos vivos. Da\u00ed o t\u00edtulo que escolhi.<\/p>\n<p>Para al\u00e9m de um fato  hist\u00f3rico, ressurrei\u00e7\u00e3o de Cristo \u00e9 o cerne da esperan\u00e7a do crente. Ela  nos infunde \u00e2nimo, ao demonstrar que a morte foi vencida; foi tragada  pela vida, &#8220;pela vit\u00f3ria&#8221;. Na sua morte, Jesus estava vencendo o mundo e  todos os instrumentos que, pelo medo da morte, o inimigo pode usar para  nos destruir. Na ressurrei\u00e7\u00e3o de Jesus, um de n\u00f3s estava provando, pela primeira vez, o poder da ressurrei\u00e7\u00e3o, exercido por Deus.<\/p>\n<p>Imagino o Pai, naquela  manh\u00e3 de domingo, dizendo: \u201cmeu filho, venha\u201d. E o esp\u00edrito vivificado  glorifica seu corpo e o traz para fora da tumba.<\/p>\n<p>Paulo nos diz que se Cristo  n\u00e3o tivesse ressuscitado seria v\u00e3 a sua prega\u00e7\u00e3o e v\u00e3 a nossa f\u00e9; e  ainda permanecer\u00edamos em nossos pecados. Continuar\u00edamos sem condi\u00e7\u00f5es de  desenvolver consci\u00eancias agrad\u00e1veis a Deus; consci\u00eancias do que ele \u00e9;  do que n\u00f3s somos e das realidades que ele mesmo tem para n\u00f3s, realidades  essas que nem olhos viram nem ouvidos ouviram, nem jamais penetrou no  cora\u00e7\u00e3o humano. Sim, essas realidades n\u00e3o prov\u00eam de n\u00f3s, mas do pr\u00f3prio  Deus. E a percep\u00e7\u00e3o delas tamb\u00e9m nos \u00e9 concedida por um &#8220;esp\u00edrito de  sabedoria e revela\u00e7\u00e3o&#8221; que abre os olhos do cora\u00e7\u00e3o (Ef. 1:17-21).<\/p>\n<p>Se Cristo n\u00e3o tivesse  ressuscitado, nossa condi\u00e7\u00e3o seria a de Maria Madalena \u00e0 porta do  t\u00famulo; chorando inconsolavelmente. Sem esperan\u00e7a. Sem nem mesmo um  corpo para embalsamar.<\/p>\n<p>\u00c9 por isso que entendemos que a esperan\u00e7a do crente nasce com a ressurrei\u00e7\u00e3o de Cristo. Depois, ela \u00e9 fortalecida e concretizada  por nossa uni\u00e3o na sua morte; e finalmente \u00e9 alcan\u00e7ada quando o mesmo  poder que ressuscitou Jesus vivifica tamb\u00e9m nossas almas e nos faz  nascer de uma semente nova, espiritual.<\/p>\n<p>O princ\u00edpio da cria\u00e7\u00e3o  est\u00e1 presente nesses pensamentos: primeiro \u00e9 o natural, depois o  espiritual. \u201cComo foi o primeiro homem, o terreno, tais s\u00e3o tamb\u00e9m os  demais homens terrenos; e, como \u00e9 o homem celestial, tais tamb\u00e9m os  celestiais. E, assim como trouxemos a imagem do que \u00e9 terreno, devemos  trazer tamb\u00e9m a imagem do celestial&#8221; (1Co 15:48).<\/p>\n<p>Se nossa esperan\u00e7a adv\u00e9m da  consci\u00eancia de que Cristo ressuscitou, ela s\u00f3 adquire concretude quando  tamb\u00e9m experimentamos essa morte de Cristo. \u00c9 por isso que Paulo nos  ensina que morremos com ele; que \u201cse fomos unidos com ele na semelhan\u00e7a  da sua morte, certamente, o seremos tamb\u00e9m na semelhan\u00e7a da sua  ressurrei\u00e7\u00e3o&#8221;. (Rm 6:5). Essa morte \u00e9 aquela pela qual consideramos o  mundo e sua gl\u00f3ria como secund\u00e1ria, se comparada com nosso amor a  Cristo.<\/p>\n<p>Nossa esperan\u00e7a, ent\u00e3o, \u00e9 alcan\u00e7ada  pela a\u00e7\u00e3o do Esp\u00edrito Santo em nossa vida. \u00c9 o poder que opera em n\u00f3s a  vit\u00f3ria sobre o pecado, a carne, o mundo e o diabo. J\u00e1 n\u00e3o s\u00e3o senhores  de nossas vidas. J\u00e1 n\u00e3o os servimos como escravos. Agora rege nossas  vidas novo Senhor, que coloca \u00e0 nossa disposi\u00e7\u00e3o o poder da ressurrei\u00e7\u00e3o  para a limpeza da consci\u00eancia; tornando poss\u00edvel o arrependimento  genu\u00edno, o perd\u00e3o completo, a contri\u00e7\u00e3o, os votos eficazes e a santidade  nas rela\u00e7\u00f5es. Sem esse poder, restam em n\u00f3s tristes disciplinas e  deprimentes rigores asc\u00e9ticos, que n\u00e3o t\u00eam poder algum de nos fazer  melhores. Pelo menos, n\u00e3o por muito tempo. E as reca\u00eddas s\u00e3o  progressivamente mais dolorosas.<\/p>\n<p>Haver\u00e1 alguma coisa que  possamos fazer para alcan\u00e7ar essa esperan\u00e7a de ressurrei\u00e7\u00e3o? Alguma  forma de colaborar com Deus em nossa pr\u00f3pria reden\u00e7\u00e3o? Sim, podemos  passar a viver como ressurretos, considerando-nos  mortos para o pecado. Na palavra de Paulo, finalmente: \u201coferecei-vos a  Deus, como ressurretos dentre os mortos, e os vossos membros, a Deus,  como instrumentos de justi\u00e7a\u201d (Rm 6:13). Vivamos como quem j\u00e1 morreu e  nasceu de novo.<\/p>\n<p>Concluo com um texto t\u00e3o  impressionante quanto inspirador. \u00c9 Paulo falando dessas coisas. Preste  aten\u00e7\u00e3o nas palavras que grifei.<\/p>\n<p>Mas o que, para mim, era lucro, isto considerei perda por causa de Cristo. Sim, deveras considero  tudo como perda, por causa da sublimidade do conhecimento de Cristo  Jesus, meu Senhor; por amor do qual perdi todas as coisas e as considero  como refugo, para ganhar a Cristo e ser achado nele, n\u00e3o tendo justi\u00e7a  pr\u00f3pria, que procede de lei, sen\u00e3o a que \u00e9 mediante a f\u00e9 em Cristo, a  justi\u00e7a que procede de Deus, baseada na f\u00e9; para o conhecer, e o poder da sua ressurrei\u00e7\u00e3o, e a comunh\u00e3o dos seus sofrimentos, conformando-me com ele na sua morte; para, de algum modo, alcan\u00e7ar a ressurrei\u00e7\u00e3o dentre os mortos (Fp 3:7-11).<\/p>\n<\/div>\n<\/div>\n","protected":false},"excerpt":{"rendered":"<p>Pois  tamb\u00e9m Cristo morreu, uma \u00fanica vez, pelos pecados, o justo pelos  injustos, para conduzir-vos a Deus; morto, sim, na carne, mas vivificado  no esp\u00edrito, no qual tamb\u00e9m foi e pregou aos esp\u00edritos em pris\u00e3o, os  quais, noutro tempo, foram desobedientes quando a longanimidade de Deus  aguardava nos dias de [&#8230;]<\/p>\n","protected":false},"author":7,"featured_media":0,"comment_status":"open","ping_status":"open","sticky":false,"template":"","format":"standard","meta":{"footnotes":""},"categories":[116],"tags":[],"class_list":["post-234","post","type-post","status-publish","format-standard","hentry","category-blog"],"_links":{"self":[{"href":"https:\/\/ultimato.com.br\/sites\/amorese\/wp-json\/wp\/v2\/posts\/234","targetHints":{"allow":["GET"]}}],"collection":[{"href":"https:\/\/ultimato.com.br\/sites\/amorese\/wp-json\/wp\/v2\/posts"}],"about":[{"href":"https:\/\/ultimato.com.br\/sites\/amorese\/wp-json\/wp\/v2\/types\/post"}],"author":[{"embeddable":true,"href":"https:\/\/ultimato.com.br\/sites\/amorese\/wp-json\/wp\/v2\/users\/7"}],"replies":[{"embeddable":true,"href":"https:\/\/ultimato.com.br\/sites\/amorese\/wp-json\/wp\/v2\/comments?post=234"}],"version-history":[{"count":1,"href":"https:\/\/ultimato.com.br\/sites\/amorese\/wp-json\/wp\/v2\/posts\/234\/revisions"}],"predecessor-version":[{"id":236,"href":"https:\/\/ultimato.com.br\/sites\/amorese\/wp-json\/wp\/v2\/posts\/234\/revisions\/236"}],"wp:attachment":[{"href":"https:\/\/ultimato.com.br\/sites\/amorese\/wp-json\/wp\/v2\/media?parent=234"}],"wp:term":[{"taxonomy":"category","embeddable":true,"href":"https:\/\/ultimato.com.br\/sites\/amorese\/wp-json\/wp\/v2\/categories?post=234"},{"taxonomy":"post_tag","embeddable":true,"href":"https:\/\/ultimato.com.br\/sites\/amorese\/wp-json\/wp\/v2\/tags?post=234"}],"curies":[{"name":"wp","href":"https:\/\/api.w.org\/{rel}","templated":true}]}}