{"id":220,"date":"2010-06-19T15:07:29","date_gmt":"2010-06-19T15:07:29","guid":{"rendered":"http:\/\/ultimato.com.br\/sites\/amorese\/?p=220"},"modified":"2010-08-26T15:08:15","modified_gmt":"2010-08-26T15:08:15","slug":"dor-e-adoracao","status":"publish","type":"post","link":"https:\/\/ultimato.com.br\/sites\/amorese\/2010\/06\/19\/dor-e-adoracao\/","title":{"rendered":"Dor e adora\u00e7\u00e3o"},"content":{"rendered":"<div>\n<div>\n<p><a href=\"http:\/\/ultimato.com.br\/sites\/amorese\/files\/2010\/08\/Vela.jpg\"><img loading=\"lazy\" decoding=\"async\" class=\"alignleft size-full wp-image-221\" title=\"Vela\" src=\"http:\/\/ultimato.com.br\/sites\/amorese\/files\/2010\/08\/Vela.jpg\" alt=\"\" width=\"150\" height=\"200\" srcset=\"https:\/\/ultimato.com.br\/sites\/amorese\/files\/2010\/08\/Vela.jpg 150w, https:\/\/ultimato.com.br\/sites\/amorese\/files\/2010\/08\/Vela-112x150.jpg 112w\" sizes=\"auto, (max-width: 150px) 100vw, 150px\" \/><\/a>Talvez  o maior desafio que a f\u00e9 nos apresente seja a dor. Isso porque esta  produz um sutil e velado inconformismo, que traz consigo irrita\u00e7\u00e3o,  revolta e, talvez mais sutil ainda, o sil\u00eancio da alma. Um sil\u00eancio de  quem j\u00e1 n\u00e3o consegue pensar em Deus com gratid\u00e3o. Muito menos com  louvor.<\/p>\n<p>Esse cora\u00e7\u00e3o n\u00e3o pensa, ainda, em &#8220;amaldi\u00e7oar a Deus&#8221; como sugeria a mulher de J\u00f3, mas tamb\u00e9m j\u00e1 n\u00e3o o adora. Apenas se cala.<\/p>\n<p>Eu entendo que a sugest\u00e3o  da mulher de J\u00f3 acompanha a tribula\u00e7\u00e3o, como uma forma de solu\u00e7\u00e3o para  essa confus\u00e3o \u00edntima, naqueles momentos em que estamos voltados para  dentro, tentando compreender a nossa dor. Ela faz parte daquela busca de  sentido, que nos ajude na luta que se instalou, silenciosa e mortal  como fogo de palha, em nossa alma. Por que eu? Ser\u00e1 que fiz algo de  errado? Ser\u00e1 que Deus se esqueceu de mim?<\/p>\n<p>Um verso que tem  acompanhado meus momentos de tribula\u00e7\u00e3o \u00e9 J\u00f3 1:22, que diz assim: &#8220;Em  tudo isto J\u00f3 n\u00e3o pecou, nem atribuiu a Deus falta alguma&#8221;.<\/p>\n<p>Esse verso ensina que a dor  n\u00e3o foi capaz de separar o cora\u00e7\u00e3o de J\u00f3 do seu Criador. A dor n\u00e3o fez  uma cunha na sua devo\u00e7\u00e3o; n\u00e3o abriu um abismo de amargura, n\u00e3o mudou as  coisas entre ele e Deus; n\u00e3o calou o seu louvor.<\/p>\n<p>Eu gosto de imaginar J\u00f3,  coberto de chagas, vestido de sacos, deitado nas cinzas e dizendo assim:  &#8220;\u00d3 Senhor, apesar do momento que estou vivendo, apesar da trag\u00e9dia que  se abateu sobre mim, nada mudou entre n\u00f3s; tu concedes e tomas de volta,  como te apraz. E eu, mesmo sem compreender, afirmo que o que o fazes \u00e9  bom, \u00e9 agrad\u00e1vel, \u00e9 perfeito&#8221;. No entanto, se fores servido ter  miseric\u00f3rdia do teu servo&#8230;<\/p>\n<p>Entendo que esse incenso  precioso, proveniente de um cora\u00e7\u00e3o atribulado, s\u00f3 seria igualado muitos  s\u00e9culos mais tarde, quando um outro J\u00f3, tamb\u00e9m em completa desgra\u00e7a,  consciente de seu desamparo, clamou em alta voz, mas em tom submisso:  &#8220;Pai, nas tuas m\u00e3os entrego o meu esp\u00edrito\u201d.<\/p>\n<p>A\u00ed est\u00e1 um mist\u00e9rio que o  mundo n\u00e3o compreende e que \u201cos anjos anelam perscrutar\u201d, como dizia o  ap\u00f3stolo Pedro: um cora\u00e7\u00e3o que se derrama em adora\u00e7\u00e3o, apesar das  dificuldades.<\/p>\n<p>Talvez o segredo seja  preservar um cora\u00e7\u00e3o contrito, como o de Davi. Um cora\u00e7\u00e3o que busca na  gra\u00e7a de Deus as for\u00e7as para afirmar, para si mesmo e para quem quiser  ouvir, que concorda com o que Deus est\u00e1 fazendo; e que se submete \u00e0 sua  vontade, sem condi\u00e7\u00f5es. Se for tempo de alegria, ofere\u00e7o-lhe um perfume  de flores.<\/p>\n<p>Se for tempo de dor,  esfor\u00e7o-me por lhe oferecer um perfume de incenso, regado com l\u00e1grimas.  Como uma vela, que se consome para produzir sua t\u00eanue claridade.<\/p>\n<p>E pe\u00e7o a Deus que me fa\u00e7a  como o Ip\u00ea amarelo, que nasce todo retorcido, no cerrado: quando parece  que a seca de setembro venceu, que a esperan\u00e7a se foi e que a morte est\u00e1  pr\u00f3xima, ele explode em flor, e tudo \u00e0 sua volta se ilumina com seu  amarelo exuberante.<\/p>\n<p>E eu, l\u00e1 dentro da alma,  muitas vezes t\u00e3o covarde, suplico a Deus que n\u00e3o permita jamais que o  meu cora\u00e7\u00e3o se cale. Porque est\u00e1 escrito que essa esperan\u00e7a n\u00e3o  confunde, porque o amor de Deus \u00e9 derramado em nosso cora\u00e7\u00e3o pelo  Esp\u00edrito Santo, que nos foi outorgado.<\/p>\n<p>_______________<\/p>\n<p>Veja um clipe sobre esse texto no<a title=\"http:\/\/www.youtube.com\/watch?v=Yrrr9mtRuyg\" href=\"http:\/\/www.youtube.com\/watch?v=Yrrr9mtRuyg\"> YouTube<\/a>.<\/p>\n<\/div>\n<\/div>\n","protected":false},"excerpt":{"rendered":"<p>Talvez  o maior desafio que a f\u00e9 nos apresente seja a dor. Isso porque esta  produz um sutil e velado inconformismo, que traz consigo irrita\u00e7\u00e3o,  revolta e, talvez mais sutil ainda, o sil\u00eancio da alma. Um sil\u00eancio de  quem j\u00e1 n\u00e3o consegue pensar em Deus com gratid\u00e3o. Muito menos com  [&#8230;]<\/p>\n","protected":false},"author":7,"featured_media":0,"comment_status":"open","ping_status":"open","sticky":false,"template":"","format":"standard","meta":{"footnotes":""},"categories":[116],"tags":[],"class_list":["post-220","post","type-post","status-publish","format-standard","hentry","category-blog"],"_links":{"self":[{"href":"https:\/\/ultimato.com.br\/sites\/amorese\/wp-json\/wp\/v2\/posts\/220","targetHints":{"allow":["GET"]}}],"collection":[{"href":"https:\/\/ultimato.com.br\/sites\/amorese\/wp-json\/wp\/v2\/posts"}],"about":[{"href":"https:\/\/ultimato.com.br\/sites\/amorese\/wp-json\/wp\/v2\/types\/post"}],"author":[{"embeddable":true,"href":"https:\/\/ultimato.com.br\/sites\/amorese\/wp-json\/wp\/v2\/users\/7"}],"replies":[{"embeddable":true,"href":"https:\/\/ultimato.com.br\/sites\/amorese\/wp-json\/wp\/v2\/comments?post=220"}],"version-history":[{"count":1,"href":"https:\/\/ultimato.com.br\/sites\/amorese\/wp-json\/wp\/v2\/posts\/220\/revisions"}],"predecessor-version":[{"id":222,"href":"https:\/\/ultimato.com.br\/sites\/amorese\/wp-json\/wp\/v2\/posts\/220\/revisions\/222"}],"wp:attachment":[{"href":"https:\/\/ultimato.com.br\/sites\/amorese\/wp-json\/wp\/v2\/media?parent=220"}],"wp:term":[{"taxonomy":"category","embeddable":true,"href":"https:\/\/ultimato.com.br\/sites\/amorese\/wp-json\/wp\/v2\/categories?post=220"},{"taxonomy":"post_tag","embeddable":true,"href":"https:\/\/ultimato.com.br\/sites\/amorese\/wp-json\/wp\/v2\/tags?post=220"}],"curies":[{"name":"wp","href":"https:\/\/api.w.org\/{rel}","templated":true}]}}