{"id":2050,"date":"2026-01-12T08:20:23","date_gmt":"2026-01-12T11:20:23","guid":{"rendered":"https:\/\/ultimato.com.br\/sites\/amorese\/?p=2050"},"modified":"2026-01-12T08:20:23","modified_gmt":"2026-01-12T11:20:23","slug":"shalom-chamados-a-crer-e-a-viver-em-paz","status":"publish","type":"post","link":"https:\/\/ultimato.com.br\/sites\/amorese\/2026\/01\/12\/shalom-chamados-a-crer-e-a-viver-em-paz\/","title":{"rendered":"Shalom \u2013 chamados a crer e a viver em paz"},"content":{"rendered":"<blockquote><p>\u201cEstar em Cristo\u201d \u00e9 essencialmente uma condi\u00e7\u00e3o comunit\u00e1ria, pac\u00edfica e familiar<\/p><\/blockquote>\n<p><a href=\"https:\/\/ultimato.com.br\/sites\/amorese\/files\/2026\/01\/opi_6-1-26_shalom.png\"><img loading=\"lazy\" decoding=\"async\" class=\"alignleft size-medium wp-image-2055\" src=\"https:\/\/ultimato.com.br\/sites\/amorese\/files\/2026\/01\/opi_6-1-26_shalom-300x300.png\" alt=\"\" width=\"300\" height=\"300\" srcset=\"https:\/\/ultimato.com.br\/sites\/amorese\/files\/2026\/01\/opi_6-1-26_shalom-300x300.png 300w, https:\/\/ultimato.com.br\/sites\/amorese\/files\/2026\/01\/opi_6-1-26_shalom-150x150.png 150w, https:\/\/ultimato.com.br\/sites\/amorese\/files\/2026\/01\/opi_6-1-26_shalom-768x770.png 768w, https:\/\/ultimato.com.br\/sites\/amorese\/files\/2026\/01\/opi_6-1-26_shalom-732x734.png 732w, https:\/\/ultimato.com.br\/sites\/amorese\/files\/2026\/01\/opi_6-1-26_shalom.png 1000w\" sizes=\"auto, (max-width: 300px) 100vw, 300px\" \/><\/a>A Carta de Paulo aos Ef\u00e9sios, ao ser examinada profundamente, revela-se um tratado inspirador sobre a paz. A riqueza de sua mensagem \u00e9 ainda mais not\u00e1vel por sua origem: Paulo a escreve da escurid\u00e3o e desconforto de uma pris\u00e3o romana. Imaginemos: ap\u00f3s sofrimentos, surras, naufr\u00e1gio e vis\u00e3o comprometida, suas palavras resplandecem alegria, esperan\u00e7a, f\u00e9, luz e, acima de tudo, paz \u2013 com Deus e com a humanidade.<\/p>\n<p>Cinco anos ap\u00f3s seu denso tratado teol\u00f3gico em Romanos, Paulo avan\u00e7a em Ef\u00e9sios. Aqui, ele n\u00e3o apenas doutrina, mas fala de reencontro, de afetos restaurados, e da gloriosa converg\u00eancia entre c\u00e9u e terra, tudo em Cristo. A carta compartilha um sonho vibrante de uni\u00e3o e paz. Paulo revela ter compreendido um mist\u00e9rio divino: o plano de Deus para seu Filho. Um plano em que Jesus estaria rodeado de irm\u00e3os, assentados com ele nos lugares celestiais, desfrutando de Sua mesa (Ef 1.3).<\/p>\n<p>O que fora comprometido no \u00c9den, resultando em inimizade e divis\u00e3o, seria totalmente reconciliado por meio de Cristo. Ele se tornaria a cabe\u00e7a de uma nova humanidade (Ef 1.22-23) que, guiada por Ele e com a intensa participa\u00e7\u00e3o de seu Esp\u00edrito, formaria um corpo harmonioso. Esse corpo n\u00e3o apenas maravilharia futuras gera\u00e7\u00f5es, mas tamb\u00e9m os principados e potestades nas regi\u00f5es celestiais (Ef 3.10), testemunhas da sabedoria de Deus. C\u00e9u e terra se uniriam em admira\u00e7\u00e3o quando este plano, concebido antes da funda\u00e7\u00e3o do mundo (Ef 1.4), se materializasse em uma &#8220;casa&#8221; que acolheria judeus e gentios. A parede da separa\u00e7\u00e3o, a inimizade, seria derrubada (Ef 2.14), e o verdadeiro \u201cshalom\u201d de Deus \u2013 a paz em sua plenitude \u2013 seria instaurado.<\/p>\n<p>Para concretizar essa vis\u00e3o, em seu amor sacrificial, Deus visitou os humanos. Ele fez uma alian\u00e7a eterna, predestinando-os para a ado\u00e7\u00e3o de filhos (Ef 1.5), chamando-os e resgatando-os da escravid\u00e3o do pecado (Ef 2.1). Santificou-os para si e selou-os com o seu Santo Esp\u00edrito, como garantia da heran\u00e7a, para o louvor da sua gl\u00f3ria (Ef 1.13-14). Foram feitos para assentar em lugares celestiais juntamente com seu Filho (Ef 2.6), recebendo poder e treinamento para vencer o pecado e ressuscitar da condi\u00e7\u00e3o de &#8220;vivos-mortos&#8221; por seus delitos e pecados, libertos do dom\u00ednio de principados e potestades (Ef 2.2) que os mantinham em profunda aliena\u00e7\u00e3o.<\/p>\n<p>Mas o ap\u00f3stolo percebeu que o plano divino ia al\u00e9m: era preciso buscar outros filhos de Ad\u00e3o que igualmente haviam se desviado. A convoca\u00e7\u00e3o era clara: \u00e0 paz com Deus e com seu povo (Ef 2.17). Paulo ensinaria que, pelo sangue derramado, o Filho seria a pr\u00f3pria personifica\u00e7\u00e3o da paz (Ef 2.13-14), e que &#8220;nele&#8221;, por Sua gra\u00e7a, n\u00f3s nos far\u00edamos tamb\u00e9m paz. Ao mergulharmos em Cristo, encontrar\u00edamos um oceano de paz. Ao olhar para qualquer pessoa \u2013 um filisteu, um samaritano, um estrangeiro, um pobre, um doente, ou algu\u00e9m ideologicamente diferente, mas crente no mesmo Cristo, reconciliada pelo mesmo Deus, sangue e Esp\u00edrito \u2013 ver\u00edamos nela o pr\u00f3prio Cristo. Porque nele, &#8220;n\u00f3s e eles&#8221; viver\u00edamos a paz de Deus, a paz que Ele nos prop\u00f4s no Seu sangue reconciliador.<\/p>\n<p>Na estrada de Damasco, Paulo aprendeu uma li\u00e7\u00e3o vital: ao perseguir os seguidores do Caminho, perseguia o pr\u00f3prio Jesus. Essa verdade fundamentou seu sonho de comunidade espiritual unida. Toda afronta ou estranheza com um seguidor de Jesus se transformaria, de modo m\u00edstico, em uma separa\u00e7\u00e3o do pr\u00f3prio Cristo (Ef 4.4-6).<\/p>\n<p>Assim, &#8220;estar em Cristo&#8221; transcende uma condi\u00e7\u00e3o individual e isolada, tornando-se essencialmente coletiva, comunit\u00e1ria, pac\u00edfica e familiar. N\u00e3o \u00e9 poss\u00edvel conceber uma &#8220;igreja de Cristo&#8221; vivida isoladamente. Este sonho de converg\u00eancia em Cristo, onde c\u00e9u e terra glorificam o Pai, \u00e9 a condi\u00e7\u00e3o para a compreens\u00e3o profunda do amor de Deus. Somente na din\u00e2mica comunit\u00e1ria seria poss\u00edvel compreender plenamente a altura, largura e profundidade do amor de Cristo (Ef 3.18-19), e assim nos enchermos de toda a plenitude de Deus.<\/p>\n<p>Diante dessa realidade, Paulo pede que nos esvaziemos de nossos egos e de tudo que nos separa, a fim de preservarmos diligentemente a unidade do Esp\u00edrito no v\u00ednculo da paz (Ef 4.3). Isso nos capacita a receber os dons divinos, e, assim, em humildade, mansid\u00e3o e longanimidade (Ef 4.2), tratar das nossas &#8220;articula\u00e7\u00f5es&#8221; \u2013 os pontos vitais do corpo onde os membros se encontram (Ef 4.16).<\/p>\n<p>Seguindo a verdade em amor (Ef 4.15), somos chamados a crescer em harmonia, unidade e maturidade, para a gl\u00f3ria de Deus Pai. Esse amor, que modula a verdade, haver\u00e1 de ser da mesma natureza do amor de Deus: um amor que se d\u00e1 sacrificialmente (Ef 5.2). Em seu Corpo, estabelece-se uma nova reg\u00eancia: a do outro. Do ego\u00edsmo, passamos ao altru\u00edsmo. E, ao nos submetermos uns aos outros no temor de Cristo (Ef 5.21), o shalom de Deus reinaria novamente entre n\u00f3s, restaurando a plenitude e prometendo uma paz duradoura.<\/p>\n<p>Juntamente com a igreja de \u00c9feso, somos chamados a crer nessa vis\u00e3o de Paulo. Somos chamados a transform\u00e1-la em experi\u00eancia nossa; em anelos e prop\u00f3sitos diante de Deus; em ora\u00e7\u00f5es devocionais de busca e luta, pelas quais iremos nos conformando ao seu Corpo. Essa entrega do nosso eu e do nosso mundo; essa radical mudan\u00e7a de rei e de reg\u00eancia deve nos impulsionar, como quem oferece, como quem \u201capresenta seu corpo por sacrif\u00edcio vivo, santo e agrad\u00e1vel a Deus\u201d (Rm 12.1), como um of\u00edcio sacerdotal; como quem oferece sua vida como of\u00edcio sagrado \u2013 o de viver a busca pela paz de Cristo, a qualquer pre\u00e7o, a participar, voluntariamente, do shalom de Deus.<\/p>\n<p>________________________<\/p>\n<p>Texto publicado originalmente em\u00a0<a href=\"https:\/\/www.ultimato.com.br\/conteudo\/shalom-chamados-a-crer-e-a-viver-em-paz\">https:\/\/www.ultimato.com.br\/conteudo\/shalom-chamados-a-crer-e-a-viver-em-paz<\/a><\/p>\n","protected":false},"excerpt":{"rendered":"<p>\u201cEstar em Cristo\u201d \u00e9 essencialmente uma condi\u00e7\u00e3o comunit\u00e1ria, pac\u00edfica e familiar<\/p>\n","protected":false},"author":13,"featured_media":0,"comment_status":"open","ping_status":"open","sticky":false,"template":"","format":"standard","meta":{"footnotes":""},"categories":[116],"tags":[],"class_list":["post-2050","post","type-post","status-publish","format-standard","hentry","category-blog"],"_links":{"self":[{"href":"https:\/\/ultimato.com.br\/sites\/amorese\/wp-json\/wp\/v2\/posts\/2050","targetHints":{"allow":["GET"]}}],"collection":[{"href":"https:\/\/ultimato.com.br\/sites\/amorese\/wp-json\/wp\/v2\/posts"}],"about":[{"href":"https:\/\/ultimato.com.br\/sites\/amorese\/wp-json\/wp\/v2\/types\/post"}],"author":[{"embeddable":true,"href":"https:\/\/ultimato.com.br\/sites\/amorese\/wp-json\/wp\/v2\/users\/13"}],"replies":[{"embeddable":true,"href":"https:\/\/ultimato.com.br\/sites\/amorese\/wp-json\/wp\/v2\/comments?post=2050"}],"version-history":[{"count":3,"href":"https:\/\/ultimato.com.br\/sites\/amorese\/wp-json\/wp\/v2\/posts\/2050\/revisions"}],"predecessor-version":[{"id":2056,"href":"https:\/\/ultimato.com.br\/sites\/amorese\/wp-json\/wp\/v2\/posts\/2050\/revisions\/2056"}],"wp:attachment":[{"href":"https:\/\/ultimato.com.br\/sites\/amorese\/wp-json\/wp\/v2\/media?parent=2050"}],"wp:term":[{"taxonomy":"category","embeddable":true,"href":"https:\/\/ultimato.com.br\/sites\/amorese\/wp-json\/wp\/v2\/categories?post=2050"},{"taxonomy":"post_tag","embeddable":true,"href":"https:\/\/ultimato.com.br\/sites\/amorese\/wp-json\/wp\/v2\/tags?post=2050"}],"curies":[{"name":"wp","href":"https:\/\/api.w.org\/{rel}","templated":true}]}}