{"id":2021,"date":"2025-04-25T09:00:58","date_gmt":"2025-04-25T12:00:58","guid":{"rendered":"https:\/\/ultimato.com.br\/sites\/amorese\/?p=2021"},"modified":"2025-04-25T09:00:58","modified_gmt":"2025-04-25T12:00:58","slug":"a-sociologia-do-discernimento","status":"publish","type":"post","link":"https:\/\/ultimato.com.br\/sites\/amorese\/2025\/04\/25\/a-sociologia-do-discernimento\/","title":{"rendered":"A Sociologia do Discernimento"},"content":{"rendered":"<p><a href=\"https:\/\/ultimato.com.br\/sites\/amorese\/files\/2025\/04\/Screenshot.jpg\"><img loading=\"lazy\" decoding=\"async\" class=\"alignleft size-medium wp-image-2023\" src=\"https:\/\/ultimato.com.br\/sites\/amorese\/files\/2025\/04\/Screenshot-300x300.jpg\" alt=\"\" width=\"300\" height=\"300\" srcset=\"https:\/\/ultimato.com.br\/sites\/amorese\/files\/2025\/04\/Screenshot-300x300.jpg 300w, https:\/\/ultimato.com.br\/sites\/amorese\/files\/2025\/04\/Screenshot-1024x1020.jpg 1024w, https:\/\/ultimato.com.br\/sites\/amorese\/files\/2025\/04\/Screenshot-150x150.jpg 150w, https:\/\/ultimato.com.br\/sites\/amorese\/files\/2025\/04\/Screenshot-768x765.jpg 768w, https:\/\/ultimato.com.br\/sites\/amorese\/files\/2025\/04\/Screenshot-732x729.jpg 732w, https:\/\/ultimato.com.br\/sites\/amorese\/files\/2025\/04\/Screenshot.jpg 1042w\" sizes=\"auto, (max-width: 300px) 100vw, 300px\" \/><\/a>O tratado de Sociologia do Conhecimento, de Peter Berger e Thomas Luckmann, se intitula: \u201cA Constru\u00e7\u00e3o Social da Realidade\u201d, e descreve o processo cultural de cria\u00e7\u00e3o do mundo dos homens; o mundo da linguagem, dos significados, da cultura. Nesse mundo, por exemplo, uma l\u00e2mina cortando a nossa pele pode significar morte ou vida, dependendo da compreens\u00e3o que tenhamos do fato. Pode ser uma agress\u00e3o ou uma cirurgia; e esse sentido que damos ao evento nos diferencia dos animais.<\/p>\n<p>Berger diz que uma das ferramentas que os homens usam para construir nosso patrim\u00f4nio simb\u00f3lico \u00e9 a conversa. Eles a usam para atribuir novos significados ao seu mundo f\u00edsico e, pela comunica\u00e7\u00e3o, criar sobre ele uma camada simb\u00f3lica. Berger chama essa camada, sugestivamente, de \u201crealidade\u201d.<\/p>\n<p>Lembro que ao delegar a Ad\u00e3o a tarefa de dar nomes aos animais, Deus estava incentivando-o a usar sua criatividade para construir seu mundo; o mundo simb\u00f3lico no qual habitaria com Eva e seus descendentes. E essa \u201crealidade\u201d continuaria a ser constru\u00edda at\u00e9 hoje.<\/p>\n<p>Exemplo dessa \u201cconstru\u00e7\u00e3o social da realidade\u201d \u00e9 o seu Chico, encanador, que virou autoridade. Conto essa hist\u00f3ria.<\/p>\n<p>A cidade s\u00f3 tinha um cruzamento. O prefeito e o vereador compraram carros. E colidiram no cruzamento. Combinaram, ent\u00e3o, de chamar seu Chico e dar-lhe a fun\u00e7\u00e3o de \u201corganizar o tr\u00e2nsito\u201d naquele cruzamento. Tudo aprovado pela C\u00e2mara, seu Chico ganhou um cargo p\u00fablico, um uniforme e um apito. Nascia ali, uma nova realidade: o guarda de tr\u00e2nsito. Passados alguns anos, as novas gera\u00e7\u00f5es n\u00e3o sabiam mais como havia \u201cnascido\u201d essa realidade, que passava por um elemento da natureza, como uma cerca, ou uma pedra. Os mais velhos, por\u00e9m, sabiam que o \u201cseu guarda\u201d era o seu Chico. E todas as realidades que foram criadas depois, como o sinaleiro, a passagem de pedestres, o c\u00f3digo municipal de tr\u00e2nsito, passaram (e passam) a ser incorporadas, sem muitas perguntas, ao universo das \u201crealidades\u201d com as quais convivemos.<\/p>\n<p>Assim, Berger chama de \u201cproje\u00e7\u00e3o\u201d as coisas que criamos. Quando elas assumem o status de concretude, \u00e9 o fen\u00f4meno da \u201cobjetifica\u00e7\u00e3o\u201d; e o terceiro movimento \u00e9 quando as incorporamos de volta, como dados da realidade: \u201cintroje\u00e7\u00e3o\u201d.<\/p>\n<p>Acho que a carta de Paulo aos Ef\u00e9sios \u00e9 uma esp\u00e9cie de sociologia do discernimento da Igreja. Nela, Paulo descreve o processo \u201csocial\u201d de seu nascimento, pela obra de Cristo e do Esp\u00edrito Santo; o seu crescimento, por meio do discernimento espiritual e da nova vida &#8220;em Cristo&#8221;; a sua dissemina\u00e7\u00e3o, por meio da proclama\u00e7\u00e3o; e a sua materializa\u00e7\u00e3o vis\u00edvel, pela forma\u00e7\u00e3o de comunidades de f\u00e9, nas quais a pessoa adquire um sentido de pertencimento; a consci\u00eancia de corpo (de Cristo); de cidad\u00e3o do c\u00e9u, a revelar o mist\u00e9rio que Deus planejou em seu Filho, antes da funda\u00e7\u00e3o do mundo.<\/p>\n<p>Vista desse modo, essa \u201cconstru\u00e7\u00e3o social\u201d se d\u00e1 pelo discernimento da a\u00e7\u00e3o de Deus, \u2014 feito com os olhos do cora\u00e7\u00e3o \u2014, a edificar, por meio de Esp\u00edrito de sabedoria e revela\u00e7\u00e3o, a comunidade concebida em Cristo antes da funda\u00e7\u00e3o do mundo. Ela torna vis\u00edvel a n\u00f3s mesmos o milagre do seu crescimento, por palavras e gestos; pelo aux\u00edlio de toda junta, em amor; at\u00e9 que cheguemos \u00e0 varonilidade perfeita, ao pleno conhecimento do Filho de Deus, \u00e0 estatura da plenitude de Cristo. At\u00e9 que ele seja tudo em todos.<\/p>\n","protected":false},"excerpt":{"rendered":"<p>A igreja \u00e9 uma obra de Deus, com a participa\u00e7\u00e3o humana, tanto de Cristo quanto de sua fam\u00edlia. <\/p>\n","protected":false},"author":13,"featured_media":0,"comment_status":"open","ping_status":"open","sticky":false,"template":"","format":"standard","meta":{"footnotes":""},"categories":[116],"tags":[],"class_list":["post-2021","post","type-post","status-publish","format-standard","hentry","category-blog"],"_links":{"self":[{"href":"https:\/\/ultimato.com.br\/sites\/amorese\/wp-json\/wp\/v2\/posts\/2021","targetHints":{"allow":["GET"]}}],"collection":[{"href":"https:\/\/ultimato.com.br\/sites\/amorese\/wp-json\/wp\/v2\/posts"}],"about":[{"href":"https:\/\/ultimato.com.br\/sites\/amorese\/wp-json\/wp\/v2\/types\/post"}],"author":[{"embeddable":true,"href":"https:\/\/ultimato.com.br\/sites\/amorese\/wp-json\/wp\/v2\/users\/13"}],"replies":[{"embeddable":true,"href":"https:\/\/ultimato.com.br\/sites\/amorese\/wp-json\/wp\/v2\/comments?post=2021"}],"version-history":[{"count":2,"href":"https:\/\/ultimato.com.br\/sites\/amorese\/wp-json\/wp\/v2\/posts\/2021\/revisions"}],"predecessor-version":[{"id":2024,"href":"https:\/\/ultimato.com.br\/sites\/amorese\/wp-json\/wp\/v2\/posts\/2021\/revisions\/2024"}],"wp:attachment":[{"href":"https:\/\/ultimato.com.br\/sites\/amorese\/wp-json\/wp\/v2\/media?parent=2021"}],"wp:term":[{"taxonomy":"category","embeddable":true,"href":"https:\/\/ultimato.com.br\/sites\/amorese\/wp-json\/wp\/v2\/categories?post=2021"},{"taxonomy":"post_tag","embeddable":true,"href":"https:\/\/ultimato.com.br\/sites\/amorese\/wp-json\/wp\/v2\/tags?post=2021"}],"curies":[{"name":"wp","href":"https:\/\/api.w.org\/{rel}","templated":true}]}}