{"id":2013,"date":"2024-12-05T08:39:26","date_gmt":"2024-12-05T11:39:26","guid":{"rendered":"https:\/\/ultimato.com.br\/sites\/amorese\/?p=2013"},"modified":"2024-12-05T08:39:26","modified_gmt":"2024-12-05T11:39:26","slug":"unidade-na-diversidade","status":"publish","type":"post","link":"https:\/\/ultimato.com.br\/sites\/amorese\/2024\/12\/05\/unidade-na-diversidade\/","title":{"rendered":"Unidade na Diversidade"},"content":{"rendered":"<p><a href=\"https:\/\/ultimato.com.br\/sites\/amorese\/files\/2024\/12\/Unidade.png\"><img loading=\"lazy\" decoding=\"async\" class=\"alignleft size-medium wp-image-2015\" src=\"https:\/\/ultimato.com.br\/sites\/amorese\/files\/2024\/12\/Unidade-300x300.png\" alt=\"\" width=\"300\" height=\"300\" srcset=\"https:\/\/ultimato.com.br\/sites\/amorese\/files\/2024\/12\/Unidade-300x300.png 300w, https:\/\/ultimato.com.br\/sites\/amorese\/files\/2024\/12\/Unidade-150x150.png 150w, https:\/\/ultimato.com.br\/sites\/amorese\/files\/2024\/12\/Unidade-768x768.png 768w, https:\/\/ultimato.com.br\/sites\/amorese\/files\/2024\/12\/Unidade-732x732.png 732w, https:\/\/ultimato.com.br\/sites\/amorese\/files\/2024\/12\/Unidade.png 1024w\" sizes=\"auto, (max-width: 300px) 100vw, 300px\" \/><\/a>Vivemos tempos desafiadores, em que opini\u00f5es e posi\u00e7\u00f5es pol\u00edticas t\u00eam gerado conflitos, at\u00e9 mesmo entre irm\u00e3os em Cristo. \u00c9 natural que tenhamos pensamentos divergentes, mas precisamos lembrar do nosso compromisso maior: a unidade em Jesus, que nos chama a viver em paz e a buscar o que \u00e9 eterno, acima do que \u00e9 tempor\u00e1rio.<\/p>\n<p>O ap\u00f3stolo Paulo, escrevendo aos Filipenses, fala da import\u00e2ncia de vivermos em harmonia, e traz uma exorta\u00e7\u00e3o \u00e0 igreja: \u201ccompletai a minha alegria, de modo que penseis a mesma coisa, tenhais o mesmo amor, sejais unidos de alma, tendo o mesmo sentimento. Nada fa\u00e7ais por partidarismo ou vangl\u00f3ria, mas por humildade, considerando cada um os outros superiores a si mesmo. N\u00e3o tenha cada um em vista o que \u00e9 propriamente seu, sen\u00e3o tamb\u00e9m cada qual o que \u00e9 dos outros.\u201d (Fp 2:2-4) Nessa passagem, temos o convite a uma postura de humildade e mansid\u00e3o, colocando o amor e o bem-estar da comunidade acima das nossas vontades individuais.<\/p>\n<p>Jesus tamb\u00e9m nos ensina sobre a primazia do amor ao pr\u00f3ximo. Em Jo\u00e3o 13:34-35, ele diz: \u201cNovo mandamento vos dou: que vos ameis uns aos outros; assim como eu vos amei, que tamb\u00e9m vos ameis uns aos outros. Nisto conhecer\u00e3o todos que sois meus disc\u00edpulos: se tiverdes amor uns aos outros.\u201d Nossa identidade em Cristo se manifesta quando praticamos o amor genu\u00edno, mesmo quando n\u00e3o concordamos uns com os outros.<\/p>\n<p>Sim, eu sei que h\u00e1 uma grande dificuldade envolvida. Mas convido-nos a refletir sobre esta quest\u00e3o: o que nos une \u00e9 mais forte do que o que nos separa? Paulo nos lembra que \u201cCristo \u00e9 tudo em todos\u201d, e nos chama a nos revestir de compaix\u00e3o, bondade, humildade, mansid\u00e3o e paci\u00eancia, suportando-nos uns aos outros. Somos chamados a nos despir das divis\u00f5es deste mundo e a nos revestirmos das virtudes do Reino (Cl 3:11-14).<\/p>\n<p>N\u00e3o seria o caso de fazermos um pacto de ora\u00e7\u00e3o e humildade? Que antes de falar, pensemos no efeito de nossas palavras; antes de reagir, consideremos se nossa atitude reflete o amor de Cristo?<\/p>\n<p>Que o Esp\u00edrito Santo nos una em seu amor e nos conduza \u00e0 paz, para que possamos dar testemunho de uma igreja que, mesmo em meio a diverg\u00eancias ideol\u00f3gicas, pol\u00edticas, doutrin\u00e1rias e teol\u00f3gicas, permanece unida no amor e num s\u00f3 Esp\u00edrito. Porque \u201ch\u00e1 somente um corpo e um Esp\u00edrito, como tamb\u00e9m fostes chamados numa s\u00f3 esperan\u00e7a da vossa voca\u00e7\u00e3o\u201d (Ef 4:4).<\/p>\n<p>Que nesse pacto possamos ser, cada dia mais, \u201csal e luz\u201d (Mt 5:14), mostrando a n\u00f3s mesmos e ao mundo que existe algo maior que nos conecta: nossa f\u00e9 em Jesus e nosso amor uns pelos outros.<\/p>\n","protected":false},"excerpt":{"rendered":"<p>O evangelho nos chama a viver em paz e a buscar o que \u00e9 eterno, acima do que \u00e9 tempor\u00e1rio.<\/p>\n","protected":false},"author":13,"featured_media":0,"comment_status":"open","ping_status":"open","sticky":false,"template":"","format":"standard","meta":{"footnotes":""},"categories":[116],"tags":[],"class_list":["post-2013","post","type-post","status-publish","format-standard","hentry","category-blog"],"_links":{"self":[{"href":"https:\/\/ultimato.com.br\/sites\/amorese\/wp-json\/wp\/v2\/posts\/2013","targetHints":{"allow":["GET"]}}],"collection":[{"href":"https:\/\/ultimato.com.br\/sites\/amorese\/wp-json\/wp\/v2\/posts"}],"about":[{"href":"https:\/\/ultimato.com.br\/sites\/amorese\/wp-json\/wp\/v2\/types\/post"}],"author":[{"embeddable":true,"href":"https:\/\/ultimato.com.br\/sites\/amorese\/wp-json\/wp\/v2\/users\/13"}],"replies":[{"embeddable":true,"href":"https:\/\/ultimato.com.br\/sites\/amorese\/wp-json\/wp\/v2\/comments?post=2013"}],"version-history":[{"count":2,"href":"https:\/\/ultimato.com.br\/sites\/amorese\/wp-json\/wp\/v2\/posts\/2013\/revisions"}],"predecessor-version":[{"id":2016,"href":"https:\/\/ultimato.com.br\/sites\/amorese\/wp-json\/wp\/v2\/posts\/2013\/revisions\/2016"}],"wp:attachment":[{"href":"https:\/\/ultimato.com.br\/sites\/amorese\/wp-json\/wp\/v2\/media?parent=2013"}],"wp:term":[{"taxonomy":"category","embeddable":true,"href":"https:\/\/ultimato.com.br\/sites\/amorese\/wp-json\/wp\/v2\/categories?post=2013"},{"taxonomy":"post_tag","embeddable":true,"href":"https:\/\/ultimato.com.br\/sites\/amorese\/wp-json\/wp\/v2\/tags?post=2013"}],"curies":[{"name":"wp","href":"https:\/\/api.w.org\/{rel}","templated":true}]}}