{"id":1980,"date":"2023-12-31T16:13:36","date_gmt":"2023-12-31T19:13:36","guid":{"rendered":"https:\/\/ultimato.com.br\/sites\/amorese\/?p=1980"},"modified":"2023-12-31T16:14:05","modified_gmt":"2023-12-31T19:14:05","slug":"vida-e-luz","status":"publish","type":"post","link":"https:\/\/ultimato.com.br\/sites\/amorese\/2023\/12\/31\/vida-e-luz\/","title":{"rendered":"Vida e Luz"},"content":{"rendered":"<p style=\"text-align: right;\">O povo que jazia em trevas viu grande luz, e aos que viviam na regi\u00e3o<br \/>\ne sombra da morte resplandeceu-lhes a luz&#8221; (Mt 4:16)<\/p>\n<p><a href=\"https:\/\/ultimato.com.br\/sites\/amorese\/files\/2023\/12\/Luz.jpeg\"><img loading=\"lazy\" decoding=\"async\" class=\"alignleft  wp-image-1985\" src=\"https:\/\/ultimato.com.br\/sites\/amorese\/files\/2023\/12\/Luz.jpeg\" alt=\"\" width=\"373\" height=\"248\" \/><\/a>Pedi ao ChatGPT para me escrever um texto natalino. Forneci o t\u00edtulo \u201cVida e Luz\u201d e o texto b\u00edblico de Mt 4:16, em ep\u00edgrafe. Vejam o primeiro par\u00e1grafo do que ele escreveu:<\/p>\n<blockquote><p>No sil\u00eancio aben\u00e7oado da noite, onde as estrelas dan\u00e7am em harmonia e os cora\u00e7\u00f5es aguardam a celebra\u00e7\u00e3o do nascimento do Salvador, somos guiados pela luz que brilha desde o princ\u00edpio dos tempos. Em meio \u00e0s tradi\u00e7\u00f5es festivas e aos c\u00e2nticos alegres, encontramos significado nas palavras sagradas que nos falam de Vida e Luz.<\/p><\/blockquote>\n<p>Come\u00e7ou bem. Mas achei parecido com as in\u00fameras mensagens que recebemos nesta \u00e9poca. Se tivesse gosto, seria de bolo de padaria. Bem docinho; e branquinho, para esconder eventuais imperfei\u00e7\u00f5es na massa.<\/p>\n<p>Essa experi\u00eancia me levou a pensar sobre o significado que Mateus quis dar a essas palavras, evocadas de Isa\u00edas 9:2. Em particular, a contraposi\u00e7\u00e3o que faz entre a luz que resplandece na regi\u00e3o da sombra da morte. Somos levados a tentar compreender o impacto que o nascimento de Jesus teria sobre aqueles que gemem por falta de tudo o que significa \u201cluz\u201d, por terem sido envolvidos pelas sombras da morte.<\/p>\n<p>J\u00e1 repararam como somos fr\u00e1geis, nessa quest\u00e3o de sombra e luz? Basta uma leve depress\u00e3o e sombras aparecem sobre o nosso viver; basta um diagn\u00f3stico ruim, e a luz se torna morti\u00e7a; basta um e-mail de despedida, selando o div\u00f3rcio, ou um pedido de \u201ctempo pra pensar\u201d; basta a perda do emprego, a injusti\u00e7a sofrida ou testemunhada, a situa\u00e7\u00e3o do pa\u00eds etc., e nos abalamos ao ponto de achar que nuvens sombrias apontam no horizonte. Sim, sombras da morte. E j\u00e1 n\u00e3o encontramos mais conforto no nosso velho sof\u00e1. Entramos em agonia.<\/p>\n<p>Isa\u00edas e Mateus viam essa cena; a realidade de um povo que agonizava por tantas raz\u00f5es pessoais, familiares, eclesi\u00e1sticas e sociais. E a not\u00edcia que trazem \u00e9 que, nesta noite, para quem tiver olhos para ver, resplandeceu grande luz. Como que a dizer que a luz brilhou nas trevas, e as trevas n\u00e3o prevaleceram contra ela (Jo 1:5).<\/p>\n<p>Mas como assim? Como essa luz pode me ajudar na minha agonia? Bem, a resposta a essa pergunta \u00e9 o pr\u00f3prio evangelho de que nele estava a vida. Depois explico. Por enquanto, mantendo o tema, abro m\u00e3o do ChatGPT e tomo emprestadas as palavras de Davi:<\/p>\n<blockquote><p>Ainda que eu ande pelo vale da sombra da morte, n\u00e3o temerei mal nenhum, porque tu est\u00e1s comigo; a tua vara e o teu cajado me consolam. Sl 23:4<\/p><\/blockquote>\n","protected":false},"excerpt":{"rendered":"<p>Como essa luz pode me ajudar na minha agonia? A resposta \u00e9 o pr\u00f3prio evangelho de que nele estava a vida.<\/p>\n","protected":false},"author":13,"featured_media":0,"comment_status":"open","ping_status":"open","sticky":false,"template":"","format":"standard","meta":{"footnotes":""},"categories":[116],"tags":[],"class_list":["post-1980","post","type-post","status-publish","format-standard","hentry","category-blog"],"_links":{"self":[{"href":"https:\/\/ultimato.com.br\/sites\/amorese\/wp-json\/wp\/v2\/posts\/1980","targetHints":{"allow":["GET"]}}],"collection":[{"href":"https:\/\/ultimato.com.br\/sites\/amorese\/wp-json\/wp\/v2\/posts"}],"about":[{"href":"https:\/\/ultimato.com.br\/sites\/amorese\/wp-json\/wp\/v2\/types\/post"}],"author":[{"embeddable":true,"href":"https:\/\/ultimato.com.br\/sites\/amorese\/wp-json\/wp\/v2\/users\/13"}],"replies":[{"embeddable":true,"href":"https:\/\/ultimato.com.br\/sites\/amorese\/wp-json\/wp\/v2\/comments?post=1980"}],"version-history":[{"count":6,"href":"https:\/\/ultimato.com.br\/sites\/amorese\/wp-json\/wp\/v2\/posts\/1980\/revisions"}],"predecessor-version":[{"id":1987,"href":"https:\/\/ultimato.com.br\/sites\/amorese\/wp-json\/wp\/v2\/posts\/1980\/revisions\/1987"}],"wp:attachment":[{"href":"https:\/\/ultimato.com.br\/sites\/amorese\/wp-json\/wp\/v2\/media?parent=1980"}],"wp:term":[{"taxonomy":"category","embeddable":true,"href":"https:\/\/ultimato.com.br\/sites\/amorese\/wp-json\/wp\/v2\/categories?post=1980"},{"taxonomy":"post_tag","embeddable":true,"href":"https:\/\/ultimato.com.br\/sites\/amorese\/wp-json\/wp\/v2\/tags?post=1980"}],"curies":[{"name":"wp","href":"https:\/\/api.w.org\/{rel}","templated":true}]}}