{"id":1973,"date":"2023-08-20T16:17:09","date_gmt":"2023-08-20T19:17:09","guid":{"rendered":"https:\/\/ultimato.com.br\/sites\/amorese\/?p=1973"},"modified":"2023-08-20T16:17:09","modified_gmt":"2023-08-20T19:17:09","slug":"o-espirito-de-deus-a-arte-e-as-afeicoes-humanas","status":"publish","type":"post","link":"https:\/\/ultimato.com.br\/sites\/amorese\/2023\/08\/20\/o-espirito-de-deus-a-arte-e-as-afeicoes-humanas\/","title":{"rendered":"O Esp\u00edrito de Deus, a arte e as afei\u00e7\u00f5es humanas"},"content":{"rendered":"<p>C<a href=\"https:\/\/ultimato.com.br\/sites\/amorese\/files\/2023\/08\/Bezalel.jpg\"><img loading=\"lazy\" decoding=\"async\" class=\"alignleft size-medium wp-image-1976\" src=\"https:\/\/ultimato.com.br\/sites\/amorese\/files\/2023\/08\/Bezalel-300x220.jpg\" alt=\"\" width=\"300\" height=\"220\" srcset=\"https:\/\/ultimato.com.br\/sites\/amorese\/files\/2023\/08\/Bezalel-300x220.jpg 300w, https:\/\/ultimato.com.br\/sites\/amorese\/files\/2023\/08\/Bezalel-768x563.jpg 768w, https:\/\/ultimato.com.br\/sites\/amorese\/files\/2023\/08\/Bezalel-732x537.jpg 732w, https:\/\/ultimato.com.br\/sites\/amorese\/files\/2023\/08\/Bezalel.jpg 813w\" sizes=\"auto, (max-width: 300px) 100vw, 300px\" \/><\/a>hama-me a aten\u00e7\u00e3o a informa\u00e7\u00e3o de que o primeiro registro b\u00edblico a mencionar o Esp\u00edrito Santo enchendo uma pessoa e habilitando-a para uma miss\u00e3o ocorre em \u00caxodo, onde se l\u00ea a seguinte impressionante declara\u00e7\u00e3o do pr\u00f3prio Deus:<\/p>\n<blockquote><p>Eis que chamei pelo nome a Bezalel, filho de Uri, filho de Hur, da tribo de Jud\u00e1, e o enchi do Esp\u00edrito de Deus, de habilidade, de intelig\u00eancia e de conhecimento, em todo artif\u00edcio, para elaborar desenhos e trabalhar em ouro, em prata, em bronze, para lapida\u00e7\u00e3o de pedras de engaste, para entalho de madeira, para toda sorte de lavores. (\u00cax 31:2-5)<\/p><\/blockquote>\n<p>Sim, Bezalel era um artes\u00e3o, um art\u00edfice, um artista. Ou passou a s\u00ea-lo, n\u00e3o sei, a partir da visita\u00e7\u00e3o recebida. A primeira un\u00e7\u00e3o divina de que se tem not\u00edcia foi para a arte; para produzir (ou reproduzir) o belo. Tr\u00eas pensamentos me ocorrem, diante desse fato.<\/p>\n<p>Primeiro, Deus n\u00e3o chama apenas pastores, mission\u00e1rios e l\u00edderes para sua obra; chama tamb\u00e9m artistas. E alguns ele chama pelo nome (por conhec\u00ea-los pessoalmente) e lhes d\u00e1 a miss\u00e3o de mostrar Sua beleza (e de sua cria\u00e7\u00e3o) com uma linguagem n\u00e3o-verbal. Porque nos fez capazes de identificar o bem como belo. E associar Sua presen\u00e7a com o inef\u00e1vel (aquilo que n\u00e3o se pode expressar com palavras).<\/p>\n<p>Segundo, h\u00e1 uma camada emocional na revela\u00e7\u00e3o de Deus. Eu ousaria mais: uma camada afetiva. \u00c9 dessa forma que ele se apresenta como sublime (de inexced\u00edvel perfei\u00e7\u00e3o e beleza), e nos capacita a perceber \u2014 e a alguns a representar \u2014, com a linguagem das afei\u00e7\u00f5es, sua sublimidade.<\/p>\n<p>Terceiro, a aceita\u00e7\u00e3o do chamado divino para ministrar por meio da arte faz do(a) artista ministro(a) da reconcilia\u00e7\u00e3o. N\u00e3o apenas por conta do sacerd\u00f3cio universal dos crentes, mas tamb\u00e9m por esse canal especial que \u2014 com palavras ou sem elas \u2014 vai direto \u00e0 raiz dos nossos afetos, e, por a\u00e7\u00e3o do Esp\u00edrito de Deus, faz vibrar ali uma corda primordial, plena de harm\u00f4nicos coloridos, tais como o amor, a alegria, a gratid\u00e3o e a devo\u00e7\u00e3o. Essa corda, ao ser tangida pela proximidade de Deus, pela sublimidade do Cordeiro, pelo encantamento de seu evangelho, pela gl\u00f3ria luminosa da cruz do Calv\u00e1rio e pela delicadeza de sua gra\u00e7a produzir\u00e1, naquele em cujo interior ela vibrar, um despertar para realidades at\u00e9 aqui impens\u00e1veis. \u00c9 Deus despertando o cora\u00e7\u00e3o. \u00c9 a beleza de Cristo salvando o mundo das trevas.<\/p>\n","protected":false},"excerpt":{"rendered":"<p>A primeira pessoa a ser cheia do Esp\u00edrito de Deus para uma miss\u00e3o, Bezalel, era um artes\u00e3o, um art\u00edfice, um artista.<\/p>\n","protected":false},"author":13,"featured_media":0,"comment_status":"open","ping_status":"open","sticky":false,"template":"","format":"standard","meta":{"footnotes":""},"categories":[116],"tags":[],"class_list":["post-1973","post","type-post","status-publish","format-standard","hentry","category-blog"],"_links":{"self":[{"href":"https:\/\/ultimato.com.br\/sites\/amorese\/wp-json\/wp\/v2\/posts\/1973","targetHints":{"allow":["GET"]}}],"collection":[{"href":"https:\/\/ultimato.com.br\/sites\/amorese\/wp-json\/wp\/v2\/posts"}],"about":[{"href":"https:\/\/ultimato.com.br\/sites\/amorese\/wp-json\/wp\/v2\/types\/post"}],"author":[{"embeddable":true,"href":"https:\/\/ultimato.com.br\/sites\/amorese\/wp-json\/wp\/v2\/users\/13"}],"replies":[{"embeddable":true,"href":"https:\/\/ultimato.com.br\/sites\/amorese\/wp-json\/wp\/v2\/comments?post=1973"}],"version-history":[{"count":5,"href":"https:\/\/ultimato.com.br\/sites\/amorese\/wp-json\/wp\/v2\/posts\/1973\/revisions"}],"predecessor-version":[{"id":1979,"href":"https:\/\/ultimato.com.br\/sites\/amorese\/wp-json\/wp\/v2\/posts\/1973\/revisions\/1979"}],"wp:attachment":[{"href":"https:\/\/ultimato.com.br\/sites\/amorese\/wp-json\/wp\/v2\/media?parent=1973"}],"wp:term":[{"taxonomy":"category","embeddable":true,"href":"https:\/\/ultimato.com.br\/sites\/amorese\/wp-json\/wp\/v2\/categories?post=1973"},{"taxonomy":"post_tag","embeddable":true,"href":"https:\/\/ultimato.com.br\/sites\/amorese\/wp-json\/wp\/v2\/tags?post=1973"}],"curies":[{"name":"wp","href":"https:\/\/api.w.org\/{rel}","templated":true}]}}