{"id":1963,"date":"2023-05-08T12:45:44","date_gmt":"2023-05-08T15:45:44","guid":{"rendered":"https:\/\/ultimato.com.br\/sites\/amorese\/?p=1963"},"modified":"2023-05-08T12:45:44","modified_gmt":"2023-05-08T15:45:44","slug":"o-pastor-e-a-ovelhinha","status":"publish","type":"post","link":"https:\/\/ultimato.com.br\/sites\/amorese\/2023\/05\/08\/o-pastor-e-a-ovelhinha\/","title":{"rendered":"O Pastor e a Ovelhinha"},"content":{"rendered":"<p><a href=\"https:\/\/ultimato.com.br\/sites\/amorese\/files\/2023\/05\/21371157_1586518818102166_1312817253330636044_n.jpg\"><img loading=\"lazy\" decoding=\"async\" class=\"alignleft wp-image-1958\" src=\"https:\/\/ultimato.com.br\/sites\/amorese\/files\/2023\/05\/21371157_1586518818102166_1312817253330636044_n-300x300.jpg\" alt=\"\" width=\"319\" height=\"319\" srcset=\"https:\/\/ultimato.com.br\/sites\/amorese\/files\/2023\/05\/21371157_1586518818102166_1312817253330636044_n-300x300.jpg 300w, https:\/\/ultimato.com.br\/sites\/amorese\/files\/2023\/05\/21371157_1586518818102166_1312817253330636044_n-150x150.jpg 150w, https:\/\/ultimato.com.br\/sites\/amorese\/files\/2023\/05\/21371157_1586518818102166_1312817253330636044_n.jpg 600w\" sizes=\"auto, (max-width: 319px) 100vw, 319px\" \/><\/a><a href=\"https:\/\/ultimato.com.br\/sites\/amorese\/files\/2023\/05\/O-Pastor-e-a-Ovelhinha.jpg\"><br \/>\n<\/a><\/p>\n<p><span style=\"color: #333399;\">A IMAGEM AO LADO,<span style=\"color: #000000;\"> de Luciano F. Ramos*, <\/span><\/span>pareceu em uma conversa como adesivo (sticker) e ficou fixada na fam\u00edlia, quando, impressionado com a arte, mostrei-a, na tela do computador, \u00e0 minha netinha Amanda, ent\u00e3o com seis anos, e perguntei o que ela via.<br \/>\nEla olhou, olhou&#8230; e come\u00e7ou:<br \/>\n\u2014 Vejo um pastor carregando uma ovelhinha.<br \/>\n\u2014 Sim, e que mais?<br \/>\n\u2014 Que mais? Acho que esse pastor ama a ovelhinha, porque tem um cora\u00e7\u00e3ozinho.<br \/>\n\u2014 Que mais?<br \/>\n\u2014 Ah, ele tamb\u00e9m \u00e9 rei; tem uma coroa!<br \/>\n\u2014 Sim&#8230;<br \/>\n\u2014 A ovelhinha esteve chorando!<br \/>\n\u2014 Sim&#8230;<br \/>\n\u2014 Mas agora est\u00e1 sorrindo.<br \/>\n\u2014 E por que isso?<br \/>\n\u2014 Vov\u00f4, ela estava em apuros, e o pastorzinho foi atr\u00e1s dela.<br \/>\n\u2014 Sim, sim. Mais alguma coisa?<br \/>\n\u2014 Hum, acho que ovelhinhas gostam de andar no ombro do pastor, n\u00e3o?<br \/>\n\u2014 Gostam, sim. Elas se sentem protegidas dos perigos.<br \/>\n\u2014 Vov\u00f4, voc\u00ea acha que essa ovelhinha quer dizer n\u00f3s?<br \/>\n\u2014 Sim, Amandinha; todos n\u00f3s somos, de algum jeito, e em algum momento, essa ovelhinha.<br \/>\n\u2014 Como assim, &#8220;de algum jeito, e em algum momento?<\/p>\n<p>Estraguei a conversa, tirando-a do n\u00edvel da Amanda. Ai, ai! Mas ela ia bem. E a imagem, compartilhada entre n\u00f3s, ficou como uma esp\u00e9cie de declara\u00e7\u00e3o de f\u00e9. Toda vez que a coisa fica feia, essa imagem aparece nas mensagens para nos lembrar do nosso rei-pastor.<\/p>\n<p>Recentemente, a ovelhinha foi o Biso Evaldo, que faleceu. E mais recentemente, ainda, o priminho Isaac, que pegou bronquiolite. Agora, esse adesivo pode ser da sua fam\u00edlia. Basta adot\u00e1-la. Comunidade \u00e9 assim.<\/p>\n<p>______________________<\/p>\n<ul>\n<li><a href=\"https:\/\/www.facebook.com\/lucianoframos\">Luciano Ramos.<\/a><\/li>\n<\/ul>\n","protected":false},"excerpt":{"rendered":"<p>A IMAGEM AO LADO, de Luciano F. Ramos*, pareceu em uma conversa como adesivo (sticker) e ficou fixada na fam\u00edlia, quando, impressionado com a arte, mostrei-a, na tela do computador, \u00e0 minha netinha Amanda, ent\u00e3o com seis anos, e perguntei o que ela via.<br \/>\nEla olhou, olhou&#8230; e come\u00e7ou:<br \/>\n\u2014 Vejo um pastor carregando uma ovelhinha.<br \/>\n\u2014 Sim, [&#8230;]<\/p>\n","protected":false},"author":13,"featured_media":0,"comment_status":"open","ping_status":"open","sticky":false,"template":"","format":"standard","meta":{"footnotes":""},"categories":[116],"tags":[],"class_list":["post-1963","post","type-post","status-publish","format-standard","hentry","category-blog"],"_links":{"self":[{"href":"https:\/\/ultimato.com.br\/sites\/amorese\/wp-json\/wp\/v2\/posts\/1963","targetHints":{"allow":["GET"]}}],"collection":[{"href":"https:\/\/ultimato.com.br\/sites\/amorese\/wp-json\/wp\/v2\/posts"}],"about":[{"href":"https:\/\/ultimato.com.br\/sites\/amorese\/wp-json\/wp\/v2\/types\/post"}],"author":[{"embeddable":true,"href":"https:\/\/ultimato.com.br\/sites\/amorese\/wp-json\/wp\/v2\/users\/13"}],"replies":[{"embeddable":true,"href":"https:\/\/ultimato.com.br\/sites\/amorese\/wp-json\/wp\/v2\/comments?post=1963"}],"version-history":[{"count":1,"href":"https:\/\/ultimato.com.br\/sites\/amorese\/wp-json\/wp\/v2\/posts\/1963\/revisions"}],"predecessor-version":[{"id":1964,"href":"https:\/\/ultimato.com.br\/sites\/amorese\/wp-json\/wp\/v2\/posts\/1963\/revisions\/1964"}],"wp:attachment":[{"href":"https:\/\/ultimato.com.br\/sites\/amorese\/wp-json\/wp\/v2\/media?parent=1963"}],"wp:term":[{"taxonomy":"category","embeddable":true,"href":"https:\/\/ultimato.com.br\/sites\/amorese\/wp-json\/wp\/v2\/categories?post=1963"},{"taxonomy":"post_tag","embeddable":true,"href":"https:\/\/ultimato.com.br\/sites\/amorese\/wp-json\/wp\/v2\/tags?post=1963"}],"curies":[{"name":"wp","href":"https:\/\/api.w.org\/{rel}","templated":true}]}}