{"id":1948,"date":"2023-04-02T06:30:57","date_gmt":"2023-04-02T09:30:57","guid":{"rendered":"https:\/\/ultimato.com.br\/sites\/amorese\/?p=1948"},"modified":"2023-03-27T11:34:03","modified_gmt":"2023-03-27T14:34:03","slug":"arte-e-adoracao-no-eden-so-imaginando","status":"publish","type":"post","link":"https:\/\/ultimato.com.br\/sites\/amorese\/2023\/04\/02\/arte-e-adoracao-no-eden-so-imaginando\/","title":{"rendered":"Arte e adora\u00e7\u00e3o no \u00c9den \u2014 s\u00f3 imaginando"},"content":{"rendered":"<p><a href=\"https:\/\/ultimato.com.br\/sites\/amorese\/files\/2023\/03\/Imagem1.png\"><img loading=\"lazy\" decoding=\"async\" class=\"alignleft wp-image-1950\" src=\"https:\/\/ultimato.com.br\/sites\/amorese\/files\/2023\/03\/Imagem1-300x200.png\" alt=\"\" width=\"374\" height=\"249\" srcset=\"https:\/\/ultimato.com.br\/sites\/amorese\/files\/2023\/03\/Imagem1-300x200.png 300w, https:\/\/ultimato.com.br\/sites\/amorese\/files\/2023\/03\/Imagem1.png 537w\" sizes=\"auto, (max-width: 374px) 100vw, 374px\" \/><\/a>O que ter\u00e1 Deus soprado em Ad\u00e3o, de modo que se tornasse alma vivente, \u00e0 sua semelhan\u00e7a? Imagino que o Criador lhe soprou muitos dons permanentes que, como as ferramentas de uma oficina, estariam \u00e0 disposi\u00e7\u00e3o de Ad\u00e3o, para serem usados, quando ele precisasse. Quando, pela primeira vez, ele abrisse os olhos, eles estariam l\u00e1, prontos para uso.<\/p>\n<p>Imagine Ad\u00e3o despertando no \u00c9den e percebendo a cria\u00e7\u00e3o de Deus; imagine o que ele v\u00ea, cheira, tateia, ouve e saboreia. Imagino que ele goste muito; ele se delicia. Acionada a \u201cferramenta afetiva\u201d de Ad\u00e3o, ele amou aquilo tudo, e recebeu o mundo para ele criado como belo. Em seguida, o que fora inicialmente prazer est\u00e9tico, agora, por ser recebido, se transforma em afeto. E isso pareceu bem aos olhos do Criador.<\/p>\n<p>Ent\u00e3o Deus lhe deu uma companheira; e ele a amou; e cantou para ela a can\u00e7\u00e3o dos filhos de Deus, que havia aprendido. Chamou-a de &#8220;meu bem\u201d, porque ela era bela aos seus olhos. E ela gostou. Compreenderam, assim, o significado de \u201cbem-querer&#8221;.<\/p>\n<p>Nesse momento, Ad\u00e3o pensa em Deus; e tem uma luz: \u201ceis aqui o meu bem maior; a fonte das minhas del\u00edcias; a raz\u00e3o da minha alegria\u201d; e lhe canta uma singela can\u00e7\u00e3o. Desta vez, uma can\u00e7\u00e3o que ele mesmo compusera, pois havia aprendido a fazer poesia (os dizeres, naquela \u00e9poca, eram naturalmente cantados, pois havia m\u00fasica nas palavras). E Deus se deliciou, porque Ad\u00e3o n\u00e3o lhe oferecera uma can\u00e7\u00e3o aprendida, mas usara de criatividade para dizer o quanto apreciava as coisas que Ele criara; o prazer que lhe proporcionavam, com destaque para suas conversas \u00edntimas, na vira\u00e7\u00e3o do dia.<\/p>\n<p>Assim, a gratid\u00e3o e o louvor se encontraram no jardim, no espa\u00e7o do afeto:<\/p>\n<blockquote><p>Eu te amo, \u00f3 Deus; e com minha voz te adorarei e te entoarei\u2026 \u266a<\/p><\/blockquote>\n<p>E o Senhor ordenou que se registrasse no grande livro, como testemunho perp\u00e9tuo, que Ad\u00e3o seria chamado de Minha-Del\u00edcia; \u201cporque o Senhor se delicia em ti\u201d (Is 62:4); \u201ccomo o noivo se alegra da noiva, assim de ti se alegrar\u00e1 o teu Deus\u201d (Is 62:5).<\/p>\n<p>E por querer bem a Eva, e querer-lhe o bem, Ad\u00e3o aprendeu a lhe dar presentes e mimos; e tamb\u00e9m a trazer presentes agrad\u00e1veis a Deus, ofertas que n\u00e3o eram colhidas no jardim, mas que vinham do seu cora\u00e7\u00e3o, pois intu\u00eda que estas agradavam mais ao Senhor (e tamb\u00e9m a Eva).<\/p>\n<p>Foi assim que a sublimidade do Criador e a beleza de sua cria\u00e7\u00e3o despertaram a afei\u00e7\u00e3o e a gratid\u00e3o de Ad\u00e3o. Estas deram origem \u00e0 \u201carte afetuosa\u201d que, vinda do cora\u00e7\u00e3o, foi chamada de adora\u00e7\u00e3o.<\/p>\n","protected":false},"excerpt":{"rendered":"<p>Foi assim que a sublimidade do Criador e a beleza de sua cria\u00e7\u00e3o despertaram a afei\u00e7\u00e3o e a gratid\u00e3o de Ad\u00e3o.<\/p>\n","protected":false},"author":13,"featured_media":0,"comment_status":"open","ping_status":"open","sticky":false,"template":"","format":"standard","meta":{"footnotes":""},"categories":[116,4239],"tags":[5176,43052,43053,43054,29832,5593,43055],"class_list":["post-1948","post","type-post","status-publish","format-standard","hentry","category-blog","category-ideias-sem-pe-nem-cabeca","tag-adoracao","tag-afeicao","tag-arte","tag-beleza","tag-coracao","tag-gratidao","tag-sublimidade"],"_links":{"self":[{"href":"https:\/\/ultimato.com.br\/sites\/amorese\/wp-json\/wp\/v2\/posts\/1948","targetHints":{"allow":["GET"]}}],"collection":[{"href":"https:\/\/ultimato.com.br\/sites\/amorese\/wp-json\/wp\/v2\/posts"}],"about":[{"href":"https:\/\/ultimato.com.br\/sites\/amorese\/wp-json\/wp\/v2\/types\/post"}],"author":[{"embeddable":true,"href":"https:\/\/ultimato.com.br\/sites\/amorese\/wp-json\/wp\/v2\/users\/13"}],"replies":[{"embeddable":true,"href":"https:\/\/ultimato.com.br\/sites\/amorese\/wp-json\/wp\/v2\/comments?post=1948"}],"version-history":[{"count":3,"href":"https:\/\/ultimato.com.br\/sites\/amorese\/wp-json\/wp\/v2\/posts\/1948\/revisions"}],"predecessor-version":[{"id":1952,"href":"https:\/\/ultimato.com.br\/sites\/amorese\/wp-json\/wp\/v2\/posts\/1948\/revisions\/1952"}],"wp:attachment":[{"href":"https:\/\/ultimato.com.br\/sites\/amorese\/wp-json\/wp\/v2\/media?parent=1948"}],"wp:term":[{"taxonomy":"category","embeddable":true,"href":"https:\/\/ultimato.com.br\/sites\/amorese\/wp-json\/wp\/v2\/categories?post=1948"},{"taxonomy":"post_tag","embeddable":true,"href":"https:\/\/ultimato.com.br\/sites\/amorese\/wp-json\/wp\/v2\/tags?post=1948"}],"curies":[{"name":"wp","href":"https:\/\/api.w.org\/{rel}","templated":true}]}}