{"id":191,"date":"2010-06-19T14:41:01","date_gmt":"2010-06-19T14:41:01","guid":{"rendered":"http:\/\/ultimato.com.br\/sites\/amorese\/?p=191"},"modified":"2010-08-26T14:42:07","modified_gmt":"2010-08-26T14:42:07","slug":"oportunidades-de-reevangelizacao-em-uma-sociedade-cada-vez-mais-pluralista","status":"publish","type":"post","link":"https:\/\/ultimato.com.br\/sites\/amorese\/2010\/06\/19\/oportunidades-de-reevangelizacao-em-uma-sociedade-cada-vez-mais-pluralista\/","title":{"rendered":"Oportunidades de reevangeliza\u00e7\u00e3o  em uma sociedade cada vez mais pluralista*"},"content":{"rendered":"<div>\n<div>\n<p><a href=\"http:\/\/ultimato.com.br\/sites\/amorese\/files\/2010\/08\/Pluralista.jpg\"><img loading=\"lazy\" decoding=\"async\" class=\"alignleft size-full wp-image-192\" title=\"Pluralista\" src=\"http:\/\/ultimato.com.br\/sites\/amorese\/files\/2010\/08\/Pluralista.jpg\" alt=\"\" width=\"150\" height=\"200\" srcset=\"https:\/\/ultimato.com.br\/sites\/amorese\/files\/2010\/08\/Pluralista.jpg 150w, https:\/\/ultimato.com.br\/sites\/amorese\/files\/2010\/08\/Pluralista-112x150.jpg 112w\" sizes=\"auto, (max-width: 150px) 100vw, 150px\" \/><\/a>Em  Romanos 12.1-2, Paulo associa \u201cs\u00e9culo\u201d e \u201cmente\u201d. Naquele tempo, ainda  n\u00e3o se filosofava sobre ideologia, no sentido pol\u00edtico do termo. Muito  menos sobre a forma\u00e7\u00e3o social da consci\u00eancia. Consci\u00eancia de classe,  ent\u00e3o, nem pensar! Esses s\u00e3o conceitos modernos. Mas os ingredientes  dessas descobertas j\u00e1 existiam entre os fil\u00f3sofos gregos e romanos. E  encontramos o ap\u00f3stolo Paulo a nos alertar sobre o poder conformador do meio em que vivemos sobre nossa mente.  Como que a dizer que nosso modo de sentir, pensar e agir tende a  acompanhar a sociedade em que vivemos \u2014 nosso \u201cs\u00e9culo\u201d. A tal ponto que,  se quisermos ser \u201cnormais\u201d, teremos de nos deixar secularizar.<\/p>\n<p>A exorta\u00e7\u00e3o, ent\u00e3o, \u00e9 que  n\u00e3o permitamos que essa f\u00f4rma secular conforme nossas mentes, de modo  acr\u00edtico, mas que cuidemos de ultrapassar a f\u00f4rma deste s\u00e9culo \u2014 que nos  transformemos \u2014 e que nos conformemos \u00e0 mente de Cristo. Que miss\u00e3o!<\/p>\n<p>Ao buscarmos as  oportunidades de reevangeliza\u00e7\u00e3o que uma sociedade cada vez mais  pluralista nos oferece, precisamos responder \u00e0 pergunta: que s\u00e9culo?  Porque se soubermos de que sociedade estamos falando, saberemos tamb\u00e9m a  que \u201cmentes\u201d destinaremos nossa mensagem (re)evangelizadora.<\/p>\n<p>A mente secularizada de  nosso \u201cs\u00e9culo\u201d sonha com um lar. Ela \u00e9 cidad\u00e3 do mundo (portanto, n\u00e3o  tem p\u00e1tria; sendo de todos, n\u00e3o pertence a ningu\u00e9m); vive numa  \u201csociedade-supermercado\u201d, sob o imp\u00e9rio das diferen\u00e7as; conformou-se ao  h\u00e1bito de escolher nas prateleiras da vida; \u00e9 consumidora e consumista; \u00e9  relativizada e gosta de poder optar; \u00e9 horizontalizada (o valor do que \u00e9  ofertado nas prateleiras depende de quem escolhe); \u00e9 vol\u00favel (n\u00e3o  resiste a uma oferta, a uma novidade, a uma promo\u00e7\u00e3o); \u00e9 superficial  como uma borboleta (sempre de passagem para a pr\u00f3xima flor); \u00e9 hedonista  (seus crit\u00e9rios de escolha s\u00e3o o prazer: pessoal, \u00edntimo e  intransfer\u00edvel); \u00e9 iconoclasta (porque \u00e9 horizontalizada) e tem como  valor maior e b\u00fassola existencial sua auto-estima.<\/p>\n<p>Essa mente sem lar \u00e9 livre,  leve, solta \u2014 e \u00f3rf\u00e3. N\u00e3o deve satisfa\u00e7\u00e3o a ningu\u00e9m; n\u00e3o precisa  ag\u00fcentar ningu\u00e9m; n\u00e3o aceita intromiss\u00f5es, n\u00e3o deseja rela\u00e7\u00f5es profundas  nem duradouras. Mora sozinha, por op\u00e7\u00e3o. Seus votos de casamento valem  menos que uma placa de 20 km\/h na estrada.<\/p>\n<p>Mas essa mente sonha com um  lar. Sim, ela foi criada para viver em comunidade, ancorada  emocionalmente por referenciais, protegida por gente que gosta dela;  carregada no colo por afetos duradouros. Ela foi projetada para viver em  fam\u00edlia. A reevangeliza\u00e7\u00e3o dessa mente precisa incluir a oferta  concreta do amor de Deus. Um amor que receba, acolha, perdoe, restaure,  coloque um anel no dedo e uma sand\u00e1lia nos p\u00e9s.<\/p>\n<p>Essa mente n\u00e3o sabe ser  convencida. N\u00e3o quer decidir logicamente. N\u00e3o resistir\u00e1 acordada \u00e0 nossa  apolog\u00e9tica. Mas poder\u00e1 ser seduzida por uma manifesta\u00e7\u00e3o afetiva,  sacrificial, n\u00e3o-combativa, n\u00e3o punitiva da igreja. A doutrina  certamente ter\u00e1 o seu lugar na renova\u00e7\u00e3o das mentes, para que seja  poss\u00edvel experimentar a boa, agrad\u00e1vel e perfeita vontade de Deus. Mas  ela vir\u00e1 ao seu tempo. Agora, ela pode matar o paciente. O tempo \u00e9 de  leite. Com o crescimento, a crian\u00e7a passar\u00e1 a mastigar alimentos  s\u00f3lidos. E a Palavra ser\u00e1 seu guia.<\/p>\n<p>Para reevangelizar o mundo  p\u00f3s-moderno \u00e9 necess\u00e1rio que nos renovemos, pela transforma\u00e7\u00e3o de nossas  mentes, e desenvolvamos uma especial capacidade de encarna\u00e7\u00e3o, num  s\u00e9culo de almas t\u00e3o altivas quanto desesperadas; cora\u00e7\u00f5es que de dia  desprezam o Senhor, mas \u00e0 noite anelam por ele.<\/p>\n<p>(*) Adaptado de participa\u00e7\u00e3o no Encontro de Amigos, da Revista Ultimato, em Vi\u00e7osa, julho de 2008, e publicada na <a title=\"http:\/\/www.ultimato.com.br\/?pg=revista&amp;num_edicao=315\" href=\"http:\/\/www.ultimato.com.br\/?pg=revista&amp;num_edicao=315\">edi\u00e7\u00e3o 315<\/a>.<\/p>\n<\/div>\n<\/div>\n","protected":false},"excerpt":{"rendered":"<p>Em  Romanos 12.1-2, Paulo associa \u201cs\u00e9culo\u201d e \u201cmente\u201d. Naquele tempo, ainda  n\u00e3o se filosofava sobre ideologia, no sentido pol\u00edtico do termo. Muito  menos sobre a forma\u00e7\u00e3o social da consci\u00eancia. Consci\u00eancia de classe,  ent\u00e3o, nem pensar! Esses s\u00e3o conceitos modernos. Mas os ingredientes  dessas descobertas j\u00e1 existiam entre os fil\u00f3sofos gregos [&#8230;]<\/p>\n","protected":false},"author":7,"featured_media":0,"comment_status":"open","ping_status":"open","sticky":false,"template":"","format":"standard","meta":{"footnotes":""},"categories":[116],"tags":[],"class_list":["post-191","post","type-post","status-publish","format-standard","hentry","category-blog"],"_links":{"self":[{"href":"https:\/\/ultimato.com.br\/sites\/amorese\/wp-json\/wp\/v2\/posts\/191","targetHints":{"allow":["GET"]}}],"collection":[{"href":"https:\/\/ultimato.com.br\/sites\/amorese\/wp-json\/wp\/v2\/posts"}],"about":[{"href":"https:\/\/ultimato.com.br\/sites\/amorese\/wp-json\/wp\/v2\/types\/post"}],"author":[{"embeddable":true,"href":"https:\/\/ultimato.com.br\/sites\/amorese\/wp-json\/wp\/v2\/users\/7"}],"replies":[{"embeddable":true,"href":"https:\/\/ultimato.com.br\/sites\/amorese\/wp-json\/wp\/v2\/comments?post=191"}],"version-history":[{"count":1,"href":"https:\/\/ultimato.com.br\/sites\/amorese\/wp-json\/wp\/v2\/posts\/191\/revisions"}],"predecessor-version":[{"id":193,"href":"https:\/\/ultimato.com.br\/sites\/amorese\/wp-json\/wp\/v2\/posts\/191\/revisions\/193"}],"wp:attachment":[{"href":"https:\/\/ultimato.com.br\/sites\/amorese\/wp-json\/wp\/v2\/media?parent=191"}],"wp:term":[{"taxonomy":"category","embeddable":true,"href":"https:\/\/ultimato.com.br\/sites\/amorese\/wp-json\/wp\/v2\/categories?post=191"},{"taxonomy":"post_tag","embeddable":true,"href":"https:\/\/ultimato.com.br\/sites\/amorese\/wp-json\/wp\/v2\/tags?post=191"}],"curies":[{"name":"wp","href":"https:\/\/api.w.org\/{rel}","templated":true}]}}