{"id":1908,"date":"2022-09-19T09:06:19","date_gmt":"2022-09-19T12:06:19","guid":{"rendered":"https:\/\/ultimato.com.br\/sites\/amorese\/?p=1908"},"modified":"2022-09-19T09:06:19","modified_gmt":"2022-09-19T12:06:19","slug":"prepare-se-para-o-culto","status":"publish","type":"post","link":"https:\/\/ultimato.com.br\/sites\/amorese\/2022\/09\/19\/prepare-se-para-o-culto\/","title":{"rendered":"Prepare-se para o culto"},"content":{"rendered":"<p><a href=\"https:\/\/ultimato.com.br\/sites\/amorese\/files\/2017\/06\/ult_366_ponto_final.jpg\"><img loading=\"lazy\" decoding=\"async\" class=\"alignleft size-medium wp-image-1621\" src=\"https:\/\/ultimato.com.br\/sites\/amorese\/files\/2017\/06\/ult_366_ponto_final-260x300.jpg\" alt=\"\" width=\"260\" height=\"300\" srcset=\"https:\/\/ultimato.com.br\/sites\/amorese\/files\/2017\/06\/ult_366_ponto_final.jpg 260w, https:\/\/ultimato.com.br\/sites\/amorese\/files\/2017\/06\/ult_366_ponto_final-130x150.jpg 130w\" sizes=\"auto, (max-width: 260px) 100vw, 260px\" \/><\/a>Compartilhei, na Ultimato 361 (2016), sobre uma pr\u00e1tica crist\u00e3 recebida de meus pais, sobre a disposi\u00e7\u00e3o consciente de ouvir a voz de Deus, num culto ou numa classe de escola dominical. Trata-se de uma tradi\u00e7\u00e3o crist\u00e3 bem corrente; passada de pais para filhos, e refor\u00e7ada no p\u00falpito. Refiro-me \u00e0 ora\u00e7\u00e3o: \u201cPai, fala comigo\u201d.<\/p>\n<p>Dizia eu que \u00e9 t\u00e3o comum essa ora\u00e7\u00e3o ser feita no in\u00edcio dessas reuni\u00f5es, que nem sempre lhe damos a devida aten\u00e7\u00e3o; e por isso nem sempre lhe dizemos um am\u00e9m consciente. Quando ela n\u00e3o \u00e9 feita ou sugerida, liturgicamente, seria o caso de orarmos, no \u00edntimo, de modo a predispor o cora\u00e7\u00e3o para ouvir a voz de Deus.<\/p>\n<p>Eu considerava sobre o alcance dessa ora\u00e7\u00e3o, quando feita intencionalmente; desejando ouvir a voz de Deus. Dizia da excitante expectativa que essa predisposi\u00e7\u00e3o nos causa: \u201co pr\u00f3prio Deus falando comigo, pessoalmente?\u201d Como assim!? Voc\u00ea ali, sentado no sal\u00e3o de culto, no meio da multid\u00e3o, e, de repente, percebe que Deus est\u00e1 lhe falando?! Voc\u00ea sentado num \u201cbanco escolar\u201d dominical, achando at\u00e9 que j\u00e1 conhece aquela li\u00e7\u00e3o; que \u00e9 capaz de predizer o que o professor vai dizer em seguida, e, porque pediu \u201cfala comigo, Senhor\u201d o Alt\u00edssimo resolve lhe surpreender com uma palavra nova, inesperada; sussurrar ao seu cora\u00e7\u00e3o alguma coisa \u00edntima; tipo, entre voc\u00ea e seu Pai!? Pensar que essas mensagens de Deus, quando chegam assim, s\u00e3o t\u00e3o reveladoras e transformadoras!<\/p>\n<p>Entretanto, o que n\u00e3o consideramos, \u00e0 \u00e9poca, foi que essa sucinta ora\u00e7\u00e3o, t\u00e3o fundamental, nem sempre garante que vamos ouvir da voz de Deus. Por que ser\u00e1?<\/p>\n<p>Estou dizendo isso porque recentemente me peguei fazendo uma retrospectiva da minha \u201cpresen\u00e7a\u201d nos cultos, ao retornar aos cultos presenciais. Sim, presen\u00e7a entre aspas, porque percebo em mim v\u00e1rios n\u00edveis de presen\u00e7a. H\u00e1 dias em que estou todo ali, com um \u201cfala comigo\u201d bem consciente. Em outros, nem tanto.<\/p>\n<p>Acho que h\u00e1 muitas raz\u00f5es para isso. Raz\u00f5es que me levam a n\u00e3o querer que Deus fale comigo. Claro que n\u00e3o oro pedindo: \u201cSenhor, hoje n\u00e3o, por favor\u201d. Mas \u00e9 mais ou menos essa realidade. Essa indisposi\u00e7\u00e3o pode advir de cansa\u00e7os, turbul\u00eancias, tristezas, afli\u00e7\u00f5es, iras, conflitos, soberba etc. Nessas horas, \u00e9 bom pensar que Deus compreende essas impermeabilidades da nossa alma.<\/p>\n<p>Quando o pastor nos recomenda: \u201cprepare-se para o culto da noite\u201d, ele est\u00e1 falando disso. Ele tem em mente algo como aconteceu com Elias, na caverna, fugido de Jezabel. Aquela alma tumultuada n\u00e3o ouvia a Deus. Mas Deus aguardou, at\u00e9 que ela estivesse pronta. Mas h\u00e1 tamb\u00e9m muita coisa que podemos fazer a respeito; da\u00ed a recomenda\u00e7\u00e3o pastoral. Eventualmente, nossa impermeabilidade tem a ver com o filme que vamos assistir; com as atividades que vamos exercer, e at\u00e9 com os assuntos que vamos abordar em fam\u00edlia no almo\u00e7o (e a temperatura da conversa que nos permitiremos). Posso imaginar o ap\u00f3stolo Paulo nos recomendando sobre as conversas das tardes de domingo, fam\u00edlia reunida, em plena polariza\u00e7\u00e3o pol\u00edtica:<\/p>\n<blockquote><p>Longe de v\u00f3s, toda amargura, e c\u00f3lera, e ira, e gritaria, e blasf\u00eamias, e bem assim toda mal\u00edcia (Ef 4,31).<\/p><\/blockquote>\n<p>Os que ainda tiverem \u00e2nimo para ir ao culto da noite certamente ter\u00e3o dificuldade de orar \u201cSenhor, fala comigo\u201d. Mas penso que, ainda assim, Deus, em sua gentileza, nos diria: \u201coutro dia, ent\u00e3o; est\u00e1 bem?\u201d (Ap 3:20).<\/p>\n","protected":false},"excerpt":{"rendered":"<p>Longe de v\u00f3s, toda amargura, e c\u00f3lera, e ira, e gritaria, e blasf\u00eamias, e bem assim toda mal\u00edcia (Ef 4,31).<\/p>\n","protected":false},"author":13,"featured_media":0,"comment_status":"open","ping_status":"open","sticky":false,"template":"","format":"standard","meta":{"footnotes":""},"categories":[116],"tags":[],"class_list":["post-1908","post","type-post","status-publish","format-standard","hentry","category-blog"],"_links":{"self":[{"href":"https:\/\/ultimato.com.br\/sites\/amorese\/wp-json\/wp\/v2\/posts\/1908","targetHints":{"allow":["GET"]}}],"collection":[{"href":"https:\/\/ultimato.com.br\/sites\/amorese\/wp-json\/wp\/v2\/posts"}],"about":[{"href":"https:\/\/ultimato.com.br\/sites\/amorese\/wp-json\/wp\/v2\/types\/post"}],"author":[{"embeddable":true,"href":"https:\/\/ultimato.com.br\/sites\/amorese\/wp-json\/wp\/v2\/users\/13"}],"replies":[{"embeddable":true,"href":"https:\/\/ultimato.com.br\/sites\/amorese\/wp-json\/wp\/v2\/comments?post=1908"}],"version-history":[{"count":4,"href":"https:\/\/ultimato.com.br\/sites\/amorese\/wp-json\/wp\/v2\/posts\/1908\/revisions"}],"predecessor-version":[{"id":1912,"href":"https:\/\/ultimato.com.br\/sites\/amorese\/wp-json\/wp\/v2\/posts\/1908\/revisions\/1912"}],"wp:attachment":[{"href":"https:\/\/ultimato.com.br\/sites\/amorese\/wp-json\/wp\/v2\/media?parent=1908"}],"wp:term":[{"taxonomy":"category","embeddable":true,"href":"https:\/\/ultimato.com.br\/sites\/amorese\/wp-json\/wp\/v2\/categories?post=1908"},{"taxonomy":"post_tag","embeddable":true,"href":"https:\/\/ultimato.com.br\/sites\/amorese\/wp-json\/wp\/v2\/tags?post=1908"}],"curies":[{"name":"wp","href":"https:\/\/api.w.org\/{rel}","templated":true}]}}