{"id":1891,"date":"2022-02-21T11:28:23","date_gmt":"2022-02-21T14:28:23","guid":{"rendered":"https:\/\/ultimato.com.br\/sites\/amorese\/?p=1891"},"modified":"2022-02-21T11:34:01","modified_gmt":"2022-02-21T14:34:01","slug":"a-pandemia-o-exilio-e-a-festa","status":"publish","type":"post","link":"https:\/\/ultimato.com.br\/sites\/amorese\/2022\/02\/21\/a-pandemia-o-exilio-e-a-festa\/","title":{"rendered":"A pandemia, o ex\u00edlio e a festa"},"content":{"rendered":"<p><a href=\"https:\/\/ultimato.com.br\/sites\/amorese\/files\/2022\/02\/Isolamento.jpeg\"><img loading=\"lazy\" decoding=\"async\" class=\"alignleft wp-image-1893\" src=\"https:\/\/ultimato.com.br\/sites\/amorese\/files\/2022\/02\/Isolamento-300x169.jpeg\" alt=\"\" width=\"456\" height=\"257\" srcset=\"https:\/\/ultimato.com.br\/sites\/amorese\/files\/2022\/02\/Isolamento-300x169.jpeg 300w, https:\/\/ultimato.com.br\/sites\/amorese\/files\/2022\/02\/Isolamento-768x432.jpeg 768w, https:\/\/ultimato.com.br\/sites\/amorese\/files\/2022\/02\/Isolamento-732x412.jpeg 732w, https:\/\/ultimato.com.br\/sites\/amorese\/files\/2022\/02\/Isolamento.jpeg 800w\" sizes=\"auto, (max-width: 456px) 100vw, 456px\" \/><\/a>Em recente serm\u00e3o, o pastor de minha igreja trouxe uma palavra de convoca\u00e7\u00e3o da igreja aos trabalhos presenciais dominicais que, aos poucos, est\u00e3o sendo retomados. Em breve digress\u00e3o ele chegou a considerar os poss\u00edveis motivos pelos quais muitos ainda n\u00e3o retornaram: aspectos ligados \u00e0 pandemia que permanece fazendo v\u00edtimas e \u00e0s dificuldades que muitas fam\u00edlias ainda enfrentam.<\/p>\n<p>Um pensamento foi lan\u00e7ado nesse momento, em forma de lamento. O pregador se perguntava se o comodismo proporcionado pela tecnologia n\u00e3o estaria desmobilizando a muitos. E argumentava, em forma de solil\u00f3quio, que, embora a \u201cpresen\u00e7a virtual\u201d fosse uma b\u00ean\u00e7\u00e3o, n\u00e3o era o bastante, n\u00e3o era o ideal, porque, pelo celular, computador ou televis\u00e3o, a comunh\u00e3o se empobrece.<\/p>\n<p>Fui pra casa pensando nas di\u00e1sporas vividas pelo povo de Deus. Ser\u00e1 que, reduzido o nosso foco apenas \u00e0 minha pequena igreja, n\u00e3o estar\u00edamos vivendo fen\u00f4meno parecido? Um terr\u00edvel inimigo espalha-nos pelo mundo, deixando nossa \u201cJerusal\u00e9m\u201d com os port\u00f5es queimados, os muros e o templo destru\u00eddos? Sem falar de muitos mortos e feridos?<\/p>\n<p>E o pensamento voou para Ezequiel 37, onde presenciamos um profundo di\u00e1logo entre o Esp\u00edrito do Senhor e o profeta, a respeito dessa situa\u00e7\u00e3o: \u201cfilho do homem, acaso, poder\u00e3o reviver estes ossos?\u201d (Ez 37:3). O Esp\u00edrito lhe mostrava um vale de ossos secos como representa\u00e7\u00e3o do cora\u00e7\u00e3o do povo no ex\u00edlio. Chegavam-lhes not\u00edcias desoladoras sobre a pilhagem de Jerusal\u00e9m. E em seu cora\u00e7\u00e3o o povo dizia: \u201cOs nossos ossos se secaram, e pereceu a nossa esperan\u00e7a; estamos de todo exterminados\u201d (Ez 37:11). Muitos achavam que o retorno n\u00e3o seria mais poss\u00edvel, ou desej\u00e1vel. Melhor tocar a vida aqui onde estamos, e tentar prosperar no ex\u00edlio.<\/p>\n<p>Entretanto, a palavra que n\u00e3o fora inicialmente poss\u00edvel ao profeta, ou ao povo, lhes \u00e9 proferida pelo pr\u00f3prio Esp\u00edrito. Agora, j\u00e1 n\u00e3o se fala apenas de esperan\u00e7a, mas tamb\u00e9m de f\u00e9. Se o que voc\u00ea v\u00ea, filho do homem, s\u00e3o apenas ossos secos, h\u00e1 uma palavra de Deus para eles e para voc\u00ea: \u201cPorei em v\u00f3s o meu Esp\u00edrito, e vivereis, e vos estabelecerei na vossa pr\u00f3pria terra. Ent\u00e3o, sabereis que eu, o Senhor, disse isto e o fiz, diz o Senhor\u201d (Ez 37:14).<\/p>\n<p>Muitos n\u00e3o voltaram com Esdras ou Neemias, d\u00e9cadas mais tarde. Mas a hist\u00f3ria nos conta que aqueles que retornaram e reconstru\u00edram a cidade se juntaram, um dia, diante da Porta das \u00c1guas e choraram de emo\u00e7\u00e3o. Mas foi-lhes recomendado que n\u00e3o chorassem, porque aquele era um dia de grande alegria; um dia de festa (Ne 8:9).<\/p>\n","protected":false},"excerpt":{"rendered":"<p>Ser\u00e1 que a b\u00ean\u00e7\u00e3o da &#8220;presen\u00e7a virtual&#8221; n\u00e3o estar\u00e1 desmobilizando a muitos de retornar aos cultos presenciais?<\/p>\n","protected":false},"author":13,"featured_media":0,"comment_status":"open","ping_status":"open","sticky":false,"template":"","format":"standard","meta":{"footnotes":""},"categories":[116],"tags":[5418,43037,41197,43036],"class_list":["post-1891","post","type-post","status-publish","format-standard","hentry","category-blog","tag-culto","tag-desmobiizacao","tag-pandemia","tag-presenca-virtual"],"_links":{"self":[{"href":"https:\/\/ultimato.com.br\/sites\/amorese\/wp-json\/wp\/v2\/posts\/1891","targetHints":{"allow":["GET"]}}],"collection":[{"href":"https:\/\/ultimato.com.br\/sites\/amorese\/wp-json\/wp\/v2\/posts"}],"about":[{"href":"https:\/\/ultimato.com.br\/sites\/amorese\/wp-json\/wp\/v2\/types\/post"}],"author":[{"embeddable":true,"href":"https:\/\/ultimato.com.br\/sites\/amorese\/wp-json\/wp\/v2\/users\/13"}],"replies":[{"embeddable":true,"href":"https:\/\/ultimato.com.br\/sites\/amorese\/wp-json\/wp\/v2\/comments?post=1891"}],"version-history":[{"count":2,"href":"https:\/\/ultimato.com.br\/sites\/amorese\/wp-json\/wp\/v2\/posts\/1891\/revisions"}],"predecessor-version":[{"id":1894,"href":"https:\/\/ultimato.com.br\/sites\/amorese\/wp-json\/wp\/v2\/posts\/1891\/revisions\/1894"}],"wp:attachment":[{"href":"https:\/\/ultimato.com.br\/sites\/amorese\/wp-json\/wp\/v2\/media?parent=1891"}],"wp:term":[{"taxonomy":"category","embeddable":true,"href":"https:\/\/ultimato.com.br\/sites\/amorese\/wp-json\/wp\/v2\/categories?post=1891"},{"taxonomy":"post_tag","embeddable":true,"href":"https:\/\/ultimato.com.br\/sites\/amorese\/wp-json\/wp\/v2\/tags?post=1891"}],"curies":[{"name":"wp","href":"https:\/\/api.w.org\/{rel}","templated":true}]}}