{"id":1886,"date":"2022-02-07T09:54:19","date_gmt":"2022-02-07T12:54:19","guid":{"rendered":"https:\/\/ultimato.com.br\/sites\/amorese\/?p=1886"},"modified":"2022-02-07T09:54:19","modified_gmt":"2022-02-07T12:54:19","slug":"feliz-ano-novo-serio-feliz","status":"publish","type":"post","link":"https:\/\/ultimato.com.br\/sites\/amorese\/2022\/02\/07\/feliz-ano-novo-serio-feliz\/","title":{"rendered":"Feliz Ano-Novo! S\u00e9rio? Feliz?"},"content":{"rendered":"<p><a href=\"https:\/\/ultimato.com.br\/sites\/amorese\/files\/2022\/02\/Ponto_final_393Liberdade-v2.png\"><img loading=\"lazy\" decoding=\"async\" class=\"alignleft size-medium wp-image-1889\" src=\"https:\/\/ultimato.com.br\/sites\/amorese\/files\/2022\/02\/Ponto_final_393Liberdade-v2-300x300.png\" alt=\"\" width=\"300\" height=\"300\" srcset=\"https:\/\/ultimato.com.br\/sites\/amorese\/files\/2022\/02\/Ponto_final_393Liberdade-v2-300x300.png 300w, https:\/\/ultimato.com.br\/sites\/amorese\/files\/2022\/02\/Ponto_final_393Liberdade-v2-150x150.png 150w, https:\/\/ultimato.com.br\/sites\/amorese\/files\/2022\/02\/Ponto_final_393Liberdade-v2.png 700w\" sizes=\"auto, (max-width: 300px) 100vw, 300px\" \/><\/a>Festas de ano-novo s\u00e3o apreciadas por muitos. Talvez a marca principal dessas celebra\u00e7\u00f5es seja a esperan\u00e7a. \u00c9 quando tudo se renova, em termos de oportunidades e possibilidades. \u00c9 o ano das realiza\u00e7\u00f5es que se apresenta; \u00e9 quando consertaremos o que estava torto ou errado. Ano-novo \u00e9 tempo de resolu\u00e7\u00f5es, de retomar projetos engavetados. E nos alegramos com essa estrada nova \u00e0 nossa frente. Ano novo \u00e9 aventura.<\/p>\n<p>Festas de ano-novo tamb\u00e9m s\u00e3o evitadas por muitos. Talvez porque sejam marcadas pelo desencanto. \u00c9 quando temos que admitir que falhamos em tantas coisas. Pior \u00e9 quando nos damos conta de que j\u00e1 n\u00e3o \u00e9 a primeira vez. \u00c9 quando verificamos que, mais uma vez, deixamos de lutar pelos projetos e resolu\u00e7\u00f5es que fizemos na \u00faltima virada. \u00c9 quando nos vemos menores, porque tudo o que nos propusemos se mostrou ing\u00eanuo e inconsequente. J\u00e1 nem acreditamos mais nessa perspectiva de renova\u00e7\u00e3o. Vai para a mesma categoria de confiabilidade do papai-noel e do coelhinho da p\u00e1scoa. Crescemos. Ano-novo \u00e9 com\u00e9rcio.<\/p>\n<p>Este ano temos um componente a mais na balan\u00e7a da esperan\u00e7a versus desencanto. Temos a constata\u00e7\u00e3o de que estamos vivos. Somos sobreviventes! Sobrevivemos ao mais terr\u00edvel flagelo que assolou o mundo nos \u00faltimos tempos. Esse pensamento tem o potencial de unir esperan\u00e7osos e desencantados. Estar vivo j\u00e1 n\u00e3o \u00e9 t\u00e3o normal, se pensarmos no que vimos \u00e0 nossa volta. N\u00e3o bastassem os fatos naturais da vida e da morte, fomos aterrorizados pelo medo de sermos os pr\u00f3ximos. Como se a morte estivesse andando pela nossa vizinhan\u00e7a, a escolher em que porta bater; que fam\u00edlia visitar; a quem agarrar e levar para um hospital, numa decis\u00e3o inapel\u00e1vel.<\/p>\n<p>Por essa perspectiva, mesmo os desencantados poderiam dizer um \u201cufa!\u201d, e pensar no que vai fazer com essa nova oportunidade. Ganhou um pr\u00eamio, ganhou uma \u201cvida\u201d, como se diz nos jogos de computador, para usar como quiser. Com poderes de realiza\u00e7\u00e3o; poderes que podem ser usados com esperan\u00e7a ou deixados de lado, pelo des\u00e2nimo.<br \/>\nH\u00e1 de ficar claro, para muitos, que sua sobrevida pode ser recebida com a\u00e7\u00f5es de gra\u00e7as. Ou n\u00e3o. Com nova energia. Ou com a sensa\u00e7\u00e3o de que a mudan\u00e7a no calend\u00e1rio \u00e9 apenas uma conven\u00e7\u00e3o. De 2021 para 2022, que diferen\u00e7a faz? Sim, estou vivo; e da\u00ed?<\/p>\n<p>H\u00e1 de ficar claro para os mais s\u00e1bios, mesmo dentre os \u201crealistas desencantados\u201d, que aquilo que fizer com o 2022 que recebeu de gra\u00e7a ser\u00e1 responsabilidade sua. Est\u00e1 em suas m\u00e3os. Se estes \u00faltimos tempos t\u00eam sido dif\u00edceis, em 2022 j\u00e1 n\u00e3o precisa pensar assim, porque o novo ano lhe abre uma janela de vida.<\/p>\n<p>Pensando com o ap\u00f3stolo Paulo, poder\u00edamos dizer que, em 2022, quando a humanidade abre as janelas do ano bom, ela pode ser dividida em dois tipos de cora\u00e7\u00e3o: aquele que, tendo recebido um ano novo pra viver, alegra-se e d\u00e1 gra\u00e7as; e aquele que \u201cn\u00e3o acredita em festas de ano-novo\u201d.<\/p>\n<p>Esse tipo de cora\u00e7\u00e3o, ao ler este texto, h\u00e1 de pensar que escolhi e recomendo o caminho da aliena\u00e7\u00e3o. Que preferi a atitude do avestruz.<\/p>\n<p>Aliena\u00e7\u00e3o, talvez. Mas n\u00e3o a do avestruz. Uma aliena\u00e7\u00e3o que prop\u00f5e o seguinte:<br \/>\n\u201cPortanto, se fostes ressuscitados juntamente com Cristo, buscai as coisas l\u00e1 do alto, onde Cristo vive, assentado \u00e0 direita de Deus. Pensai nas coisas l\u00e1 do alto, n\u00e3o nas que s\u00e3o aqui da terra; porque morrestes, e a vossa vida est\u00e1 oculta juntamente com Cristo, em Deus\u201d (Cl 3:1-3).<\/p>\n","protected":false},"excerpt":{"rendered":"<p>Ganhamos um pr\u00eamio, ganhamos uma \u201cvida\u201d, como se diz nos jogos de computador, para usarmos com esperan\u00e7a ou para deixarmos de lado, pelo des\u00e2nimo.<\/p>\n","protected":false},"author":13,"featured_media":0,"comment_status":"open","ping_status":"open","sticky":false,"template":"","format":"standard","meta":{"footnotes":""},"categories":[116],"tags":[5215,43033,5506,43034],"class_list":["post-1886","post","type-post","status-publish","format-standard","hentry","category-blog","tag-ano-novo","tag-desanimo","tag-esperanca","tag-nova-vida"],"_links":{"self":[{"href":"https:\/\/ultimato.com.br\/sites\/amorese\/wp-json\/wp\/v2\/posts\/1886","targetHints":{"allow":["GET"]}}],"collection":[{"href":"https:\/\/ultimato.com.br\/sites\/amorese\/wp-json\/wp\/v2\/posts"}],"about":[{"href":"https:\/\/ultimato.com.br\/sites\/amorese\/wp-json\/wp\/v2\/types\/post"}],"author":[{"embeddable":true,"href":"https:\/\/ultimato.com.br\/sites\/amorese\/wp-json\/wp\/v2\/users\/13"}],"replies":[{"embeddable":true,"href":"https:\/\/ultimato.com.br\/sites\/amorese\/wp-json\/wp\/v2\/comments?post=1886"}],"version-history":[{"count":3,"href":"https:\/\/ultimato.com.br\/sites\/amorese\/wp-json\/wp\/v2\/posts\/1886\/revisions"}],"predecessor-version":[{"id":1890,"href":"https:\/\/ultimato.com.br\/sites\/amorese\/wp-json\/wp\/v2\/posts\/1886\/revisions\/1890"}],"wp:attachment":[{"href":"https:\/\/ultimato.com.br\/sites\/amorese\/wp-json\/wp\/v2\/media?parent=1886"}],"wp:term":[{"taxonomy":"category","embeddable":true,"href":"https:\/\/ultimato.com.br\/sites\/amorese\/wp-json\/wp\/v2\/categories?post=1886"},{"taxonomy":"post_tag","embeddable":true,"href":"https:\/\/ultimato.com.br\/sites\/amorese\/wp-json\/wp\/v2\/tags?post=1886"}],"curies":[{"name":"wp","href":"https:\/\/api.w.org\/{rel}","templated":true}]}}