{"id":188,"date":"2010-06-19T14:39:07","date_gmt":"2010-06-19T14:39:07","guid":{"rendered":"http:\/\/ultimato.com.br\/sites\/amorese\/?p=188"},"modified":"2010-08-26T14:40:45","modified_gmt":"2010-08-26T14:40:45","slug":"o-eu-o-nos-e-a-auto-estima","status":"publish","type":"post","link":"https:\/\/ultimato.com.br\/sites\/amorese\/2010\/06\/19\/o-eu-o-nos-e-a-auto-estima\/","title":{"rendered":"O eu, o n\u00f3s e a auto-estima"},"content":{"rendered":"<div>\n<div>\n<p><a href=\"http:\/\/ultimato.com.br\/sites\/amorese\/files\/2010\/08\/Autoestima.jpg\"><img loading=\"lazy\" decoding=\"async\" class=\"alignleft size-full wp-image-189\" title=\"Autoestima\" src=\"http:\/\/ultimato.com.br\/sites\/amorese\/files\/2010\/08\/Autoestima.jpg\" alt=\"\" width=\"150\" height=\"200\" srcset=\"https:\/\/ultimato.com.br\/sites\/amorese\/files\/2010\/08\/Autoestima.jpg 150w, https:\/\/ultimato.com.br\/sites\/amorese\/files\/2010\/08\/Autoestima-112x150.jpg 112w\" sizes=\"auto, (max-width: 150px) 100vw, 150px\" \/><\/a>Vivemos um tempo em que as pessoas se amam. Um fen\u00f4meno de dimens\u00e3o sem precedente na hist\u00f3ria do ocidente.<\/p>\n<p>A express\u00e3o \u201cauto-estima\u201d,  como justificativa politicamente correta ou objetivo universalmente  aceito para qualquer a\u00e7\u00e3o, est\u00e1 presente em cada conversa de cafezinho,  em programas pedag\u00f3gicos, no planejamento governamental, na boca de  pol\u00edticos e at\u00e9 de quem n\u00e3o sabe o que dizer. Voc\u00ea precisa de um bom  motivo para justificar o que deseja fazer? Diga que faz bem \u00e0 sua  auto-estima; que voc\u00ea se ama.<\/p>\n<p>Entre os crentes, a  express\u00e3o j\u00e1 foi justificada biblicamente e aceita, sem receio de  mundanismo: para amar o meu pr\u00f3ximo como a mim mesmo, preciso primeiro  amar a mim mesmo. Amar ao pr\u00f3ximo, portanto, requer auto-estima.<\/p>\n<p>Acho positiva essa moderna  preocupa\u00e7\u00e3o com a sa\u00fade do \u201ceu\u201d. Em especial, quando ela se materializa  na cultura da sa\u00fade: na onda do fitness (malha\u00e7\u00e3o em academias) para qualquer idade, nas caminhadas, na hidrogin\u00e1stica, na comida saud\u00e1vel, na dieta da moda, nos spas,  nas grelhas que eliminam a gordura, nos cereais matinais, nos iogurtes  com bacilos, nos complexos vitam\u00ednicos, no consumo de fibras, na redu\u00e7\u00e3o  de colesterol, nos tr\u00eas litros de \u00e1gua por dia etc.<\/p>\n<p>Essa moda traz tamb\u00e9m o  cuidado com a mente e com o \u201ceu espiritual\u201d. Surgem, ent\u00e3o, os livros de  auto-ajuda, as revistas especializadas em bem-estar e forma f\u00edsica e  mental; os gurus do anti-estresse, os mentores espirituais, os  psic\u00f3logos pessoais (personal shrinks), conselheiros financeiros etc.<\/p>\n<p>N\u00e3o \u00e9 dif\u00edcil de notar que  toda essa preocupa\u00e7\u00e3o com a sa\u00fade vem sendo incorporada pelas novas  gera\u00e7\u00f5es como estilo de vida. Chega a assumir a for\u00e7a de religi\u00e3o. Por  exemplo, uma caminhada no parque, hoje, \u00e9 uma desculpa aceit\u00e1vel para  recusar uma hora-extra. Diga que esse cuidado que pretende ter consigo  mesmo j\u00e1 estava agendado. J\u00e1 no limite do aceit\u00e1vel, voc\u00ea pode  justificar a falta a um casamento dizendo que tem trauma de casamentos \u00e0  tarde. Bem, talvez compreendam que voc\u00ea est\u00e1 cuidando de sua  auto-estima. Trauma \u00e9 uma palavra da moda. Vale tudo para evitar.<\/p>\n<p>O lado saud\u00e1vel disso tudo  n\u00e3o deve, no entanto, nos encobrir uma sutil amea\u00e7a ao cristianismo: a  confus\u00e3o entre auto-estima e ego\u00edsmo. Nos dois casos, estou investindo  em mim mesmo. Mas o \u201cego-ismo\u201d, significando \u201ceu-ismo\u201d, tende a me  afastar dos outros, levando-me a um individualismo que me separa dos  outros, que me isola. Temo que, em poucos anos, se tivermos que escolher  entre \u201cn\u00f3s\u201d e \u201ceu\u201d, o \u201ceu\u201d ganhe todas. Temo que a auto-estima se  fortale\u00e7a \u00e0s custas da solidariedade. E que esse \u201ceu\u201d se transforme em  um drag\u00e3o que devore a caridade; devore aquele amor altru\u00edsta que se faz  p\u00e3o e vinho e se derrama em servi\u00e7o, em lava-p\u00e9s.<\/p>\n<p>Talvez  eu esteja exagerando em meus temores. Queira Deus! Mas tenho orado,  nesse sentido, por nossa igreja. Pe\u00e7o que a hipertrofia do nosso \u201ceu\u201d  n\u00e3o nos conduza \u00e0 transgress\u00e3o. Pe\u00e7o por discernimento. Pe\u00e7o que  aprendamos a cuidar de n\u00f3s mesmos sem esquecer o ensino de Jesus: \u201cse  algu\u00e9m quer vir ap\u00f3s mim, a si mesmo se negue, tome a sua cruz e  siga-me\u201d (Mt 16:24).<\/p>\n<\/div>\n<\/div>\n","protected":false},"excerpt":{"rendered":"<p>Vivemos um tempo em que as pessoas se amam. Um fen\u00f4meno de dimens\u00e3o sem precedente na hist\u00f3ria do ocidente.<br \/>\nA express\u00e3o \u201cauto-estima\u201d,  como justificativa politicamente correta ou objetivo universalmente  aceito para qualquer a\u00e7\u00e3o, est\u00e1 presente em cada conversa de cafezinho,  em programas pedag\u00f3gicos, no planejamento governamental, na boca de  pol\u00edticos e at\u00e9 [&#8230;]<\/p>\n","protected":false},"author":7,"featured_media":0,"comment_status":"open","ping_status":"open","sticky":false,"template":"","format":"standard","meta":{"footnotes":""},"categories":[116],"tags":[],"class_list":["post-188","post","type-post","status-publish","format-standard","hentry","category-blog"],"_links":{"self":[{"href":"https:\/\/ultimato.com.br\/sites\/amorese\/wp-json\/wp\/v2\/posts\/188","targetHints":{"allow":["GET"]}}],"collection":[{"href":"https:\/\/ultimato.com.br\/sites\/amorese\/wp-json\/wp\/v2\/posts"}],"about":[{"href":"https:\/\/ultimato.com.br\/sites\/amorese\/wp-json\/wp\/v2\/types\/post"}],"author":[{"embeddable":true,"href":"https:\/\/ultimato.com.br\/sites\/amorese\/wp-json\/wp\/v2\/users\/7"}],"replies":[{"embeddable":true,"href":"https:\/\/ultimato.com.br\/sites\/amorese\/wp-json\/wp\/v2\/comments?post=188"}],"version-history":[{"count":1,"href":"https:\/\/ultimato.com.br\/sites\/amorese\/wp-json\/wp\/v2\/posts\/188\/revisions"}],"predecessor-version":[{"id":190,"href":"https:\/\/ultimato.com.br\/sites\/amorese\/wp-json\/wp\/v2\/posts\/188\/revisions\/190"}],"wp:attachment":[{"href":"https:\/\/ultimato.com.br\/sites\/amorese\/wp-json\/wp\/v2\/media?parent=188"}],"wp:term":[{"taxonomy":"category","embeddable":true,"href":"https:\/\/ultimato.com.br\/sites\/amorese\/wp-json\/wp\/v2\/categories?post=188"},{"taxonomy":"post_tag","embeddable":true,"href":"https:\/\/ultimato.com.br\/sites\/amorese\/wp-json\/wp\/v2\/tags?post=188"}],"curies":[{"name":"wp","href":"https:\/\/api.w.org\/{rel}","templated":true}]}}