{"id":1866,"date":"2021-11-01T09:32:42","date_gmt":"2021-11-01T12:32:42","guid":{"rendered":"https:\/\/ultimato.com.br\/sites\/amorese\/?p=1866"},"modified":"2021-11-01T09:32:42","modified_gmt":"2021-11-01T12:32:42","slug":"pandemia-e-solidao","status":"publish","type":"post","link":"https:\/\/ultimato.com.br\/sites\/amorese\/2021\/11\/01\/pandemia-e-solidao\/","title":{"rendered":"Pandemia e Solid\u00e3o"},"content":{"rendered":"<p><a href=\"https:\/\/ultimato.com.br\/sites\/amorese\/files\/2021\/11\/Solidao.jpg\"><img loading=\"lazy\" decoding=\"async\" class=\"alignleft wp-image-1869\" src=\"https:\/\/ultimato.com.br\/sites\/amorese\/files\/2021\/11\/Solidao-300x213.jpg\" alt=\"\" width=\"452\" height=\"321\" srcset=\"https:\/\/ultimato.com.br\/sites\/amorese\/files\/2021\/11\/Solidao-300x213.jpg 300w, https:\/\/ultimato.com.br\/sites\/amorese\/files\/2021\/11\/Solidao.jpg 513w\" sizes=\"auto, (max-width: 452px) 100vw, 452px\" \/><\/a><\/p>\n<p>&nbsp;<\/p>\n<p>Estudo divulgado pela CBN d\u00e1 conta de que os rec\u00e9m-nascidos que requerem cuidados de incubadora desenvolvem v\u00e1rios n\u00edveis de depress\u00e3o, chegando a sofrer paradas card\u00edacas, quando passam muito tempo sem ouvir a voz da m\u00e3e. Um m\u00e9dico especialista comentava que, em sua experi\u00eancia pr\u00e1tica, viu muitos beb\u00eas simplesmente desistirem de viver, como resultado do isolamento. &#8220;A crian\u00e7a perde a vontade de viver&#8221;, dizia o doutor.<\/p>\n<p>Entretanto, contrariamente \u00e0s normas do hospital, uma enfermeira passou a tocar e conversar com os nen\u00eas que choravam \u00e0 noite. O resultado inesperado foi uma grande mudan\u00e7a na evolu\u00e7\u00e3o da sa\u00fade daquelas crian\u00e7as. Pesquisa feita, a enfermeira foi descoberta e identificada como a causa do grande \u00edndice de sobreviv\u00eancia dos rec\u00e9m-nascidos.<\/p>\n<p>Nesses tempos de pandemia, todos temos sofrido de solid\u00e3o. Cada um ao seu modo, somos sacudidos pelas perdas, pelo isolamento e pela amea\u00e7a de que podemos ser o pr\u00f3ximo a ser escolhidos pelo v\u00edrus letal.<\/p>\n<p>Imposs\u00edvel deixar de pensar sobre isso, do ponto de vista da nossa f\u00e9 evang\u00e9lica. \u00c9 assim que &#8220;emolduro&#8221; a quest\u00e3o pensando em uma \u201cruptura do \u00c9den\u201d \u2014 uma trag\u00e9dia prim\u00e1ria, experimentada por Ad\u00e3o, &#8220;e que passou a todos os homens\u201d (Rm 5:12). Penso, tamb\u00e9m na \u201cruptura do parto\u201d, trag\u00e9dia secund\u00e1ria, experimentada por todo ser humano. Ambas produzem a dor da separa\u00e7\u00e3o e da solid\u00e3o. Talvez a mais b\u00e1sica, profunda, marcante \u2014 e sorrateira \u2014 dor conhecida pelo ser humano.<\/p>\n<p>A solu\u00e7\u00e3o para a dor prim\u00e1ria \u00e9 a restaura\u00e7\u00e3o da ruptura prim\u00e1ria, a restaura\u00e7\u00e3o da intimidade com Deus, poss\u00edvel por meio de um profundo movimento reconciliador, proposto pelo pr\u00f3prio Deus, na pessoa de seu Filho. A resposta secund\u00e1ria, pessoal e existencial \u00e9 a cura das nossas rupturas pessoais, conseguida pelo desenvolvimento da arte de cultivar intimidade duradoura com nosso pr\u00f3ximo, coisa imposs\u00edvel, anteriormente a Pentecostes. Mas agora, por meio do Esp\u00edrito Santo, perdoamos e somos perdoados; buscamos verdadeira comunh\u00e3o, e somos restaurados \u00e0 fam\u00edlia de Deus, por meio daquele que nos amou. Somos abra\u00e7ados pelo Pai, que nos prepara um banquete comunit\u00e1rio de boas vindas, de modo que nossos irm\u00e3os tamb\u00e9m possam nos abra\u00e7ar (Lc 15).<\/p>\n<p>Precisamos aprender \u2014 e ensinar aos nossos filhos \u2014 o que nos ordena Deuteron\u00f4mio 6. Sim, amar a Deus de todo o cora\u00e7\u00e3o \u00e9 o caminho de volta \u00e0 intimidade prim\u00e1ria; \u00e9 o m\u00e1ximo da \u201cvolta ao \u00c9den\u201d que podemos conseguir nesta vida. Tratada a ferida prim\u00e1ria; restauradas tamb\u00e9m as feridas secund\u00e1rias \u2014 igreja, amizades, afetos, fam\u00edlia etc. \u2014, estaremos \u201cvoltando para casa\u201d. Agora, j\u00e1 n\u00e3o \u00e0 procura de algo; agora, tendo aprendido a permanecer; agora vivendo a vida nos bra\u00e7os do Pai (Sl 131:2) \u2014 e dos irm\u00e3os (Cl 3:12).<\/p>\n<p>Poder\u00edamos lembrar muitos motivos para \u201camar a Deus de todo o cora\u00e7\u00e3o\u201d, mas acho que Deus pensava em n\u00f3s, ao nos legar o mandamento de Dt 6. Ele sabe que s\u00f3 h\u00e1 um jeito de retornarmos ao duplo para\u00edso do \u00c9den e do \u00fatero materno: tendo-o presente, \u00edntima e afetuosamente, em nossos cora\u00e7\u00f5es, e permitindo que essa nova condi\u00e7\u00e3o \u2014 a de reconciliados com Deus \u2014 \u00a0transborde para as nossas rela\u00e7\u00f5es.<\/p>\n<p>A partir de ent\u00e3o, nunca mais estaremos sozinhos. A solid\u00e3o ter\u00e1 sido vencida, l\u00e1 dentro. E mesmo sozinhos, andaremos pelas ruas da cidade com o conforto e a alegria de quem est\u00e1 acompanhado do grande amor de sua vida.<\/p>\n","protected":false},"excerpt":{"rendered":"<p>Amar a Deus de todo o cora\u00e7\u00e3o \u00e9 o caminho de volta \u00e0 intimidade prim\u00e1ria, perdida no \u00c9den.<\/p>\n","protected":false},"author":13,"featured_media":0,"comment_status":"open","ping_status":"open","sticky":false,"template":"","format":"standard","meta":{"footnotes":""},"categories":[116,4239],"tags":[5176,43029,11095,41197,8443,43028],"class_list":["post-1866","post","type-post","status-publish","format-standard","hentry","category-blog","category-ideias-sem-pe-nem-cabeca","tag-adoracao","tag-feridas","tag-intimidade","tag-pandemia","tag-solidao","tag-volta-pra-casa"],"_links":{"self":[{"href":"https:\/\/ultimato.com.br\/sites\/amorese\/wp-json\/wp\/v2\/posts\/1866","targetHints":{"allow":["GET"]}}],"collection":[{"href":"https:\/\/ultimato.com.br\/sites\/amorese\/wp-json\/wp\/v2\/posts"}],"about":[{"href":"https:\/\/ultimato.com.br\/sites\/amorese\/wp-json\/wp\/v2\/types\/post"}],"author":[{"embeddable":true,"href":"https:\/\/ultimato.com.br\/sites\/amorese\/wp-json\/wp\/v2\/users\/13"}],"replies":[{"embeddable":true,"href":"https:\/\/ultimato.com.br\/sites\/amorese\/wp-json\/wp\/v2\/comments?post=1866"}],"version-history":[{"count":7,"href":"https:\/\/ultimato.com.br\/sites\/amorese\/wp-json\/wp\/v2\/posts\/1866\/revisions"}],"predecessor-version":[{"id":1874,"href":"https:\/\/ultimato.com.br\/sites\/amorese\/wp-json\/wp\/v2\/posts\/1866\/revisions\/1874"}],"wp:attachment":[{"href":"https:\/\/ultimato.com.br\/sites\/amorese\/wp-json\/wp\/v2\/media?parent=1866"}],"wp:term":[{"taxonomy":"category","embeddable":true,"href":"https:\/\/ultimato.com.br\/sites\/amorese\/wp-json\/wp\/v2\/categories?post=1866"},{"taxonomy":"post_tag","embeddable":true,"href":"https:\/\/ultimato.com.br\/sites\/amorese\/wp-json\/wp\/v2\/tags?post=1866"}],"curies":[{"name":"wp","href":"https:\/\/api.w.org\/{rel}","templated":true}]}}