{"id":182,"date":"2010-06-19T14:35:42","date_gmt":"2010-06-19T14:35:42","guid":{"rendered":"http:\/\/ultimato.com.br\/sites\/amorese\/?p=182"},"modified":"2010-08-26T14:36:45","modified_gmt":"2010-08-26T14:36:45","slug":"pilulas-e-cinzas","status":"publish","type":"post","link":"https:\/\/ultimato.com.br\/sites\/amorese\/2010\/06\/19\/pilulas-e-cinzas\/","title":{"rendered":"P\u00edlulas e Cinzas"},"content":{"rendered":"<div>\n<div>\n<p><a href=\"http:\/\/ultimato.com.br\/sites\/amorese\/files\/2010\/08\/aids.jpg\"><img loading=\"lazy\" decoding=\"async\" class=\"alignleft size-full wp-image-183\" title=\"aids\" src=\"http:\/\/ultimato.com.br\/sites\/amorese\/files\/2010\/08\/aids.jpg\" alt=\"\" width=\"150\" height=\"200\" srcset=\"https:\/\/ultimato.com.br\/sites\/amorese\/files\/2010\/08\/aids.jpg 150w, https:\/\/ultimato.com.br\/sites\/amorese\/files\/2010\/08\/aids-112x150.jpg 112w\" sizes=\"auto, (max-width: 150px) 100vw, 150px\" \/><\/a>\u00c0s  v\u00e9speras do carnaval, a Igreja Cat\u00f3lica representa judicialmente contra  a distribui\u00e7\u00e3o da \u201cp\u00edlula do dia seguinte\u201d, e o Ministro da Sa\u00fade vai \u00e0  televis\u00e3o para dizer que \u201ca Igreja errou mais uma vez, pois a preven\u00e7\u00e3o  da gravidez n\u00e3o \u00e9 uma quest\u00e3o religiosa, mas de sa\u00fade p\u00fablica\u201d. A  Igreja reage, dizendo que a Lei de Deus \u00e9 para todos. Desfecho: ju\u00edza  determina que a distribui\u00e7\u00e3o seja feita, por entender que o m\u00e9todo n\u00e3o \u00e9  abortivo.<\/p>\n<p>Se o ministro tivesse tido  tempo para pensar, talvez escolhesse melhor as palavras. Mas o  afogadilho precipita os fatos. Por um lado, o arcebispo de Recife e  Olinda leva uma quest\u00e3o que acredita ser mat\u00e9ria de f\u00e9 para um tribunal  secular; por outro, o ministro manda-o recolher-se aos seus dom\u00ednios,  sem precisar quais seriam eles.<\/p>\n<p>Penso que o ministro est\u00e1  certo, ao dizer que a orgia carnavalesca \u00e9 quest\u00e3o de sa\u00fade p\u00fablica. Mas  tamb\u00e9m concordo com o arcebispo, quando sustenta que o assunto tem a  ver com Deus, pois envolve a alma humana. Talvez ainda venhamos a saber  por que raz\u00e3o ele levou quest\u00e3o \u00e0 Justi\u00e7a. Mas desconfio dos  pressupostos ocultos do ministro que, certamente, fala por um governo de  orienta\u00e7\u00e3o ativa e passivamente liberal.<\/p>\n<p>E n\u00e3o pensemos apenas em  moral sexual, pois aprendemos com o ap\u00f3stolo Paulo que a degrada\u00e7\u00e3o  humana nunca vem por um pecado s\u00f3 (Rm 1:21-27), embora sempre bata ponto  numa cama. A prop\u00f3sito, pesquisa revela que, na novela global Sete Pecados, o da lux\u00faria ultrapassa, em n\u00famero de cenas, todos os outros seis pecados juntos. Por qu\u00ea? Palpite: predile\u00e7\u00e3o.<\/p>\n<p>Acho que, ao classificar a  promiscuidade no carnaval como de sa\u00fade p\u00fablica, o ministro Tempor\u00e3o  pensou mais em preven\u00e7\u00e3o do que no conceito de sa\u00fade. Por ser  pragm\u00e1tico, talvez ele tenha trocado o importante pelo urgente. E o  urgente, imagino, \u00e9 evitar que o \u00edndice de abortos clandestinos fuja ao  controle; que o n\u00famero de rec\u00e9m-nascidos achados nos lixos, nos esgotos,  nos c\u00f3rregos, seja de propor\u00e7\u00f5es epid\u00eamicas; que as fam\u00edlias das  meninas que sair\u00e3o gr\u00e1vidas ou infectadas dessa \u201cfesta popular\u201d  empobre\u00e7am, e at\u00e9 que o governo tenha que gastar em penitenci\u00e1rias para  receber os \u201cfilhos enjeitados do carnaval\u201d de 2008.<\/p>\n<p>O ministro tem estat\u00edsticas  nas m\u00e3os e sabe que, diferentemente da Cultura ou do Turismo, para sua  pasta, carnaval \u00e9 sin\u00f4nimo de trag\u00e9dia.<\/p>\n<p>E como ele enfrenta essa  amea\u00e7a? Distribui, gratuitamente, p\u00edlulas e camisinhas aos foli\u00f5es. E  resolve? Bem, concordo, evita o pior, momentaneamente. Mas n\u00e3o resolve,  pois n\u00e3o existe camisinha para alma prom\u00edscua (nem mesmo as cinzas da  quarta feira, sem verdadeiro arrependimento).<\/p>\n<p>Senhor ministro, deixe a  Palavra de Deus ajudar. Ou\u00e7a-a. Se aborto, gravidez indesejada, AIDS,  evas\u00e3o escolar, desemprego etc. n\u00e3o s\u00e3o problemas religiosos, ent\u00e3o o  que ser\u00e1? As provid\u00eancias de V. Excia. s\u00e3o t\u00e3o eficazes quanto tratar  catapora com esparadrapo.<\/p>\n<p>J\u00e1 imaginando o que ele me responderia, deixo-lhe um respeitoso alerta:<\/p>\n<p>Tens feito estas coisas, e eu me calei; pensavas que eu era teu igual; mas eu te arg\u00fcirei e porei tudo \u00e0 tua vista (Sl 50:21).<\/p>\n<p>Transcrevo, a seguir, um texto publicado no Blog &#8220;P\u00e9 na \u00c1frica&#8221; da Folha Online. <a title=\"http:\/\/penaafrica.folha.blog.uol.com.br\/#2008_05-29_10_47_01-129032461-0\" href=\"http:\/\/penaafrica.folha.blog.uol.com.br\/#2008_05-29_10_47_01-129032461-0\">Eis o link para o artigo<\/a>. Somente um detalhe: o presidente da Uganda e sua esposa s\u00e3o crentes.<\/p>\n<p>Aids em Uganda: o moralismo funciona<\/p>\n<p>KAMPALA  (UGANDA) \u2013 Falei quase nada sobre Aids at\u00e9 agora, o que \u00e9 uma falha,  visto que a doen\u00e7a virou uma marca registrada desse continente.<\/p>\n<p>Ent\u00e3o  \u00e9 bastante apropriado que eu toque no assunto aqui, em Uganda. Aids \u00e9  uma obsess\u00e3o nesse pa\u00eds, quase uma mania nacional. Por onde voc\u00ea anda,  v\u00ea centros cl\u00ednicos, ONGs, igrejas, escolas, com aconselhamento de  preven\u00e7\u00e3o ou tratamento para HIV\/Aids etc. etc. E placas, cartazes,  faixas, tudo que se refere \u00e0 doen\u00e7a.<\/p>\n<p>De vez em quando \u00e9 bom ver  uma hist\u00f3ria de sucesso nesse continente, s\u00f3 para variar, e o combate \u00e0  Aids em Uganda \u00e9 um sucesso inquestion\u00e1vel. H\u00e1 15 anos, cerca de 30% da  popula\u00e7\u00e3o tinham o v\u00edrus; hoje, s\u00e3o 6,5%.<\/p>\n<p>Enquanto outros pa\u00edses  perdiam tempo fingindo que nada acontecia, e at\u00e9 negando que HIV cause  Aids (como na \u00c1frica do Sul, onde a taxa \u00e9 de mais de 20%), os  ugandenses agiam para conter a doen\u00e7a. Falar sobre o assunto, assumir o  problema e discutir candidamente foi o primeiro passo. Mas teve mais.<\/p>\n<p>Uganda  trata a Aids de uma maneira como n\u00f3s nunca far\u00edamos no Brasil. Uma  maneira inusitada, para dizer o m\u00ednimo. E assumidamente moralista.<\/p>\n<p>Um  exemplo do que acontece por aqui: imagine que voc\u00ea \u00e9 um oficial do  governo e precise tra\u00e7ar uma estrat\u00e9gia para reduzir a incid\u00eancia de  Aids junto a caminhoneiros. Em v\u00e1rios pa\u00edses, esse \u00e9 um grupo delicado:  est\u00e3o sempre longe de casa, cruzam fronteiras, s\u00e3o cercados por  prostitutas o tempo todo. S\u00e3o potencialmente um fator de dissemina\u00e7\u00e3o da  doen\u00e7a. E muitos chegam em casa e podem contaminar suas esposas.<\/p>\n<p>A  meu ver, a l\u00f3gica mandaria que se propagandeasse o uso de camisinhas  entre caminhoneiros. Mas veja como \u00e9 o cartaz do governo de Uganda que  vi na sede de uma ONG:<br \/>\nDiz o p\u00f4ster: \u201cum motorista respons\u00e1vel se  importa com sua fam\u00edlia; ele \u00e9 fiel a sua mulher\u201d. O foco n\u00e3o \u00e9 tentar  faz\u00ea-lo se proteger quando dormir com prostitutas. Mas tentar  convenc\u00ea-lo, antes de tudo, a n\u00e3o ter a rela\u00e7\u00e3o sexual. Parece ing\u00eanuo,  mas o governo acha que funciona. E talvez funcione mesmo.<\/p>\n<p>No  Brasil, a \u00eanfase das campanhas contra Aids \u00e9 no sexo seguro: use  camisinha, em outras palavras. Em Uganda, a promo\u00e7\u00e3o dos preservativos \u00e9  apenas a perna mais fraca de um trip\u00e9 que conta tamb\u00e9m com a promo\u00e7\u00e3o  de abstin\u00eancia e a fidelidade.<\/p>\n<p>O slogan do governo \u00e9 ABC: A \u00e9 a inicial de abstin\u00eancia, B \u00e9 de \u201cbe faithful\u201d, ou seja fiel, e C \u00e9 para condom, ou camisinha.<\/p>\n<p>Uganda  \u00e9 um pa\u00eds com forte influ\u00eancia das igrejas cat\u00f3lica e evang\u00e9licas. O  presidente, Yoweri Museveni, \u00e9, a exemplo de George Bush, um \u201cborn again  christian\u201d, ou seja, um crist\u00e3o renascido, que descobriu sua f\u00e9 no meio  da vida. A primeira-dama, Janeth, \u00e9 ainda mais religiosa.<\/p>\n<p>N\u00e3o  surpreende, ent\u00e3o, que o governo coloque tanta \u00eanfase nas letras A e B.  Abstin\u00eancia \u00e9 direcionada aos jovens, principalmente de menos de 25  anos, idade m\u00e9dia em que eles se casam, incentivando-os a se manter  virgens at\u00e9 o altar.<\/p>\n<p>O B \u00e9 dedicado aos casais, pedindo que sejam  fi\u00e9is. S\u00f3 em \u00faltimo caso, se a pessoa n\u00e3o conseguir se abster ou for um  pulador de cerca contumaz, vem o C: pelo menos use camisinha.<\/p>\n<p>Percebeu  a diferen\u00e7a? O enfoque tradicional em v\u00e1rios pa\u00edses, inclusive no  Brasil, \u00e9 centrar fogo na camisinha. Em Uganda, camisinha \u00e9 um \u00faltimo  caso, quase o recurso dos pecadores.<\/p>\n<p>Hoje conversei com  representantes de duas ONGs, esperando ouvir algumas cr\u00edticas \u00e0 pol\u00edtica  do ABC. Nada. Aprovam 100%. H\u00e1 um consenso nacional em torno do tema.  Sobra para organiza\u00e7\u00f5es estrangeiras descerem o pau, dizendo que \u00e9  irreal esperar que um jovem de 20 anos se mantenha virgem.<\/p>\n<p>Mas os n\u00fameros est\u00e3o a\u00ed, desafiando o que diz a l\u00f3gica e a convic\u00e7\u00e3o de muitos (como eu). S\u00e3o um tapa na cara dos c\u00e9ticos.<\/p>\n<\/div>\n<\/div>\n","protected":false},"excerpt":{"rendered":"<p>\u00c0s  v\u00e9speras do carnaval, a Igreja Cat\u00f3lica representa judicialmente contra  a distribui\u00e7\u00e3o da \u201cp\u00edlula do dia seguinte\u201d, e o Ministro da Sa\u00fade vai \u00e0  televis\u00e3o para dizer que \u201ca Igreja errou mais uma vez, pois a preven\u00e7\u00e3o  da gravidez n\u00e3o \u00e9 uma quest\u00e3o religiosa, mas de sa\u00fade p\u00fablica\u201d. A  Igreja [&#8230;]<\/p>\n","protected":false},"author":7,"featured_media":0,"comment_status":"open","ping_status":"open","sticky":false,"template":"","format":"standard","meta":{"footnotes":""},"categories":[116],"tags":[],"class_list":["post-182","post","type-post","status-publish","format-standard","hentry","category-blog"],"_links":{"self":[{"href":"https:\/\/ultimato.com.br\/sites\/amorese\/wp-json\/wp\/v2\/posts\/182","targetHints":{"allow":["GET"]}}],"collection":[{"href":"https:\/\/ultimato.com.br\/sites\/amorese\/wp-json\/wp\/v2\/posts"}],"about":[{"href":"https:\/\/ultimato.com.br\/sites\/amorese\/wp-json\/wp\/v2\/types\/post"}],"author":[{"embeddable":true,"href":"https:\/\/ultimato.com.br\/sites\/amorese\/wp-json\/wp\/v2\/users\/7"}],"replies":[{"embeddable":true,"href":"https:\/\/ultimato.com.br\/sites\/amorese\/wp-json\/wp\/v2\/comments?post=182"}],"version-history":[{"count":1,"href":"https:\/\/ultimato.com.br\/sites\/amorese\/wp-json\/wp\/v2\/posts\/182\/revisions"}],"predecessor-version":[{"id":184,"href":"https:\/\/ultimato.com.br\/sites\/amorese\/wp-json\/wp\/v2\/posts\/182\/revisions\/184"}],"wp:attachment":[{"href":"https:\/\/ultimato.com.br\/sites\/amorese\/wp-json\/wp\/v2\/media?parent=182"}],"wp:term":[{"taxonomy":"category","embeddable":true,"href":"https:\/\/ultimato.com.br\/sites\/amorese\/wp-json\/wp\/v2\/categories?post=182"},{"taxonomy":"post_tag","embeddable":true,"href":"https:\/\/ultimato.com.br\/sites\/amorese\/wp-json\/wp\/v2\/tags?post=182"}],"curies":[{"name":"wp","href":"https:\/\/api.w.org\/{rel}","templated":true}]}}