{"id":1815,"date":"2020-06-19T13:21:17","date_gmt":"2020-06-19T16:21:17","guid":{"rendered":"http:\/\/ultimato.com.br\/sites\/amorese\/?p=1815"},"modified":"2020-06-19T13:21:17","modified_gmt":"2020-06-19T16:21:17","slug":"embainha-a-tua-espada","status":"publish","type":"post","link":"https:\/\/ultimato.com.br\/sites\/amorese\/2020\/06\/19\/embainha-a-tua-espada\/","title":{"rendered":"Embainha a tua espada"},"content":{"rendered":"<p><a href=\"http:\/\/ultimato.com.br\/sites\/amorese\/files\/2020\/06\/Espada.jpg\"><img loading=\"lazy\" decoding=\"async\" class=\"alignleft wp-image-1816\" src=\"http:\/\/ultimato.com.br\/sites\/amorese\/files\/2020\/06\/Espada-300x169.jpg\" alt=\"\" width=\"421\" height=\"237\" srcset=\"https:\/\/ultimato.com.br\/sites\/amorese\/files\/2020\/06\/Espada-300x169.jpg 300w, https:\/\/ultimato.com.br\/sites\/amorese\/files\/2020\/06\/Espada-1024x576.jpg 1024w, https:\/\/ultimato.com.br\/sites\/amorese\/files\/2020\/06\/Espada-768x432.jpg 768w, https:\/\/ultimato.com.br\/sites\/amorese\/files\/2020\/06\/Espada-1536x864.jpg 1536w, https:\/\/ultimato.com.br\/sites\/amorese\/files\/2020\/06\/Espada-732x412.jpg 732w, https:\/\/ultimato.com.br\/sites\/amorese\/files\/2020\/06\/Espada-1140x641.jpg 1140w, https:\/\/ultimato.com.br\/sites\/amorese\/files\/2020\/06\/Espada.jpg 1600w\" sizes=\"auto, (max-width: 421px) 100vw, 421px\" \/><\/a>H\u00e1 certas coisas que algumas de nossas autoridades dizem ou fazem que me causam profunda discord\u00e2ncia. Em muitos casos, indigna\u00e7\u00e3o. At\u00e9 revolta! Tem horas que d\u00e1 vontade de&#8230;<\/p>\n<p>A\u00ed, eu vou navegar nos perfis do Facebook ou do Instagram e vejo amigos meus defendendo essas mesmas autoridades, elogiando exatamente as atitudes que abominei. E penso: como podem ser t\u00e3o m\u00edopes que n\u00e3o enxergam o que est\u00e1 acontecendo? Como podem defender tanta falta de car\u00e1ter, tanta incompet\u00eancia, tanta falsidade? Ser\u00e1 que n\u00e3o veem? Ser\u00e1 que se deixaram envolver pela cegueira da ideologia? Perderam a capacidade cr\u00edtica?<\/p>\n<p>O pensamento que se segue traz a f\u00e9 para esse balaio (bem ou mal, \u00e9 inevit\u00e1vel): ser\u00e1 que d\u00e1 para continuar sendo amigo desses meus amigos? Ou teremos que dar um tempo? Ser\u00e1 que terei que me calar, toda vez que emitirem uma opini\u00e3o sobre pol\u00edtica, economia, educa\u00e7\u00e3o, justi\u00e7a, cloroquina etc.? Terei que me calar para n\u00e3o \u201cquebrar o pau\u201d com eles? Ou, pior, v\u00ea-los quebrar o pau comigo, s\u00f3 porque ousei discordar?<\/p>\n<p>Voc\u00ea ficou assustado comigo, leitor(a)? Calma, n\u00e3o pare de ler (ou eu estarei frito, rsrs).<\/p>\n<p>Acho que reproduzi, acima, uma situa\u00e7\u00e3o bem comum, considerando os tempos de polariza\u00e7\u00e3o pol\u00edtica que vivemos. Confesso que, em alguns sentidos, tenho experimentado alguns desses sentimentos mais \u201caquecidos\u201d. Outros exemplos, recolhi das experi\u00eancias de amigos e familiares. N\u00e3o \u00e9 dif\u00edcil identific\u00e1-los. Em especial, nas redes sociais, onde as pessoas t\u00eam perdido um pouco as antigas amarras sociais. Em alguns casos at\u00e9 a educa\u00e7\u00e3o. Um fen\u00f4meno identificado pelos soci\u00f3logos como \u201cpalavras hostis\u201d ou \u201ccomunica\u00e7\u00e3o violenta\u201d.<\/p>\n<p>Gostaria de compartilhar a palavra que recolho das escrituras para essa situa\u00e7\u00e3o. Tenho buscado nela a sabedoria necess\u00e1ria; o p\u00e3o nosso para esses dias de nervos \u00e0 flor da pele. Primeiro para mim mesmo; e tamb\u00e9m para quem quiser.<\/p>\n<p>E essa palavra consiste em que consideramos, talvez sem perceber, diferen\u00e7as de percep\u00e7\u00e3o pol\u00edtica, social ou mesmo de opini\u00f5es como fonte de inimizade. Discordou de mim \u00e9 inimigo. E se falar alto (nos textos escritos, COM CAIXA ALTA), isso \u201cproduz em mim sentimentos primitivos\u201d, como diria Roberto Jefferson a Jos\u00e9 Dirceu.<\/p>\n<p>Autoridade que age de modo \u201cerrado\u201d (na minha opini\u00e3o); que pensa de modo \u201cabsurdo\u201d (na minha opini\u00e3o), recebe tamanha rejei\u00e7\u00e3o do meu cora\u00e7\u00e3o que se transforma em inimigo. E amigo que \u201cfa\u00e7a parte do time deles\u201d \u00e9 inimigo meu, embora nem sempre eu perceba essa ambival\u00eancia que se instala no meu cora\u00e7\u00e3o. Acabo vivendo a situa\u00e7\u00e3o de ter de lidar com \u201camigos-inimigos\u201d; com \u201cfamiliares inimigos\u201d. Crente que faz, diz ou pensa essas coisas n\u00e3o \u00e9 crente; n\u00e3o pode ser crist\u00e3o. Conclus\u00e3o, n\u00e3o me dou conta de que estou me tornando \u201co \u00faltimo dos moicanos\u201d; \u201co remanescente fiel\u201d (a soberba impl\u00edcita nessa radicaliza\u00e7\u00e3o do meu cora\u00e7\u00e3o vai de brinde).<\/p>\n<p>O que acontece, frequentemente, num est\u00e1gio avan\u00e7ado da minha <em>justi\u00e7a<\/em>, \u00e9 a desqualifica\u00e7\u00e3o desses \u201cqueridos desafetos\u201d, chamando-o de cretinos. Esse rebaixamento do amigo, do pol\u00edtico, ou da autoridade, acontece no meu cora\u00e7\u00e3o na figura do \u201cTolo!\u201d pelo qual Jesus identifica um crente assassino.<\/p>\n<blockquote><p>Ouvistes que foi dito aos antigos: N\u00e3o matar\u00e1s; e: &#8230; quem lhe chamar: Tolo, estar\u00e1 sujeito ao inferno de fogo.\u00a0(Mt 5:21-22)<\/p><\/blockquote>\n<p>De repente, n\u00e3o sei bem por que, ficou f\u00e1cil chamar de \u201ctolo\u201d o presidente, o ministro do Supremo, o deputado federal, o blogueiro, o pastor, o irm\u00e3o, o parente que defende a cloroquina. Foram-se as reservas, os cuidados, os limites; foi-se o fino trato. Chamamos de idiota, de imbecil, de corrupto, de traidor, de vendido, de esquerdista, de fascista, de direita, de satanista etc. com grande facilidade e desenvoltura. Em alguns casos, com \u00e2nimo cruel, com f\u00faria pertinaz; com sentimentos primitivos.<\/p>\n<p>Pode isso, Arnaldo?<\/p>\n<p>N\u00e3o pode. Nem para pessoas educadas, nem para os disc\u00edpulos de Jesus; aqueles que sustentam o testemunho do Cordeiro.<\/p>\n<p>\u2014 Mas por qu\u00ea? E se forem dessas discuss\u00f5es \u201cde botequim\u201d, \u201cde fim de jogo\u201d? Essas conversas de homens s\u00e3o assim mesmo! Terminado o quebra-pau, voltamos a ser amigos, de novo!<\/p>\n<p>Pode ser. Mas como ficam as palavras que dissemos? Sabemos que o que nos contamina n\u00e3o \u00e9 (apenas) o que ouvimos, mas o que dizemos, porque t\u00eam como fonte o cora\u00e7\u00e3o.<\/p>\n<p>\u2014 Mesmo as piadas e gracejos?<\/p>\n<p>Sim, mesmo essas. Sob o manto das brincadeiras, seremos capazes de dizer coisas que \u201co s\u00f3 referir\u201d seria vergonha (Ef 5: 3-12), se Jesus estivesse na rodinha.<\/p>\n<p>Mas n\u00e3o \u00e9 exatamente esse o nosso assunto. Estamos falando da nossa capacidade de desqualificar, de \u201cassassinar nossos inimigos\u201d. Talvez nem nos dirigindo a eles; talvez apenas falando sobre eles. E sobre isso, talvez Jesus nos dissesse: \u201cvoc\u00eas t\u00eam aprendido que devem amar os seus irm\u00e3os e parentes\u201d;<\/p>\n<blockquote><p>Eu, por\u00e9m, vos digo: amai os vossos inimigos e orai pelos que vos perseguem; para que vos torneis filhos do vosso Pai celeste.\u00a0(Mt 5:44-48)<\/p><\/blockquote>\n<p>O que significa essa ordem de Jesus? Qual a raz\u00e3o profunda desse mandamento? O que muda com essa ora\u00e7\u00e3o?<\/p>\n<p>Meu entendimento \u00e9 que Jesus nos d\u00e1 o caminho pelo qual extirparemos a ira e a disc\u00f3rdia dos nossos cora\u00e7\u00f5es. Primeiro do meu; e tamb\u00e9m do seu.<\/p>\n<p>S\u00f3 um louco xingaria de idiota, de imbecil algu\u00e9m que ele ama e por quem ele ora. Mas se amamos nossos inimigos, n\u00e3o amar\u00edamos com mais facilidade aqueles de quem \u201capenas\u201d discordamos? N\u00e3o lhes desejar\u00edamos o bem; n\u00e3o nos mostrar\u00edamos interessados em v\u00ea-los bem? N\u00e3o nos dispor\u00edamos, pela mudan\u00e7a que essa ora\u00e7\u00e3o produz em n\u00f3s, a lhe favorecer o bem? At\u00e9 agindo pessoalmente para isso, caso surgisse a oportunidade? N\u00e3o esperar\u00edamos que Deus ouvisse essas ora\u00e7\u00f5es? Como, ent\u00e3o, perduraria o \u00f3dio, o sectarismo, a raiz de amargura em nossos cora\u00e7\u00f5es?<\/p>\n<p>\u2014 Mas ser \u201cfilhos do vosso Pai celeste\u201d pode significar muito sofrimento! \u2014 argumentaria algu\u00e9m. \u2014 Afinal, foi assim com o Filho do nosso Pai Celeste.<\/p>\n<p>Bingo! N\u00e3o preciso dizer mais nada; voc\u00ea entendeu (se concorda ou n\u00e3o s\u00e3o outros 500, eu sei).<\/p>\n<p>Deixo apenas a pergunta fatal, para terminar: somos capazes disso? De verdade? (ou melhor: em verdade?).<\/p>\n<p>A\u00ed est\u00e1 um desafio para os conturbados dias de hoje (claro, para quem concorda com esse meu arrazoado). O desafio vem de Jesus, no momento mais cr\u00edtico, mais injusto de toda a sua vida. No momento de sua pris\u00e3o, ele se volta para Pedro e diz: \u201cEmbainha a tua espada\u201d (Mt 26:52). Hoje n\u00e3o \u00e9 o dia do Le\u00e3o; mas do Cordeiro. E eu recolho essa palavra, em dias de conflagra\u00e7\u00e3o, de injusti\u00e7as, de persegui\u00e7\u00e3o, de pandemia, como uma palavra, primeiro para mim mesmo; e tamb\u00e9m para quem quiser: \u201cembainha a tua espada\u201d.<\/p>\n<p>Sem d\u00favida, um desafio para ser enfrentado de joelhos.<\/p>\n","protected":false},"excerpt":{"rendered":"<p>&#8220;Eu, por\u00e9m, vos digo: amai os vossos inimigos e orai pelos que vos perseguem; para que vos torneis filhos do vosso Pai celeste&#8221;.<\/p>\n","protected":false},"author":13,"featured_media":0,"comment_status":"open","ping_status":"open","sticky":false,"template":"","format":"standard","meta":{"footnotes":""},"categories":[116],"tags":[5196,43004,23774,4069,43010,36523,43007,5874,43009,6097],"class_list":["post-1815","post","type-post","status-publish","format-standard","hentry","category-blog","tag-amar","tag-desafetos","tag-espada","tag-filhos","tag-hostilidade","tag-inimigos","tag-pai-celeste","tag-politica","tag-radicalismo","tag-violencia"],"_links":{"self":[{"href":"https:\/\/ultimato.com.br\/sites\/amorese\/wp-json\/wp\/v2\/posts\/1815","targetHints":{"allow":["GET"]}}],"collection":[{"href":"https:\/\/ultimato.com.br\/sites\/amorese\/wp-json\/wp\/v2\/posts"}],"about":[{"href":"https:\/\/ultimato.com.br\/sites\/amorese\/wp-json\/wp\/v2\/types\/post"}],"author":[{"embeddable":true,"href":"https:\/\/ultimato.com.br\/sites\/amorese\/wp-json\/wp\/v2\/users\/13"}],"replies":[{"embeddable":true,"href":"https:\/\/ultimato.com.br\/sites\/amorese\/wp-json\/wp\/v2\/comments?post=1815"}],"version-history":[{"count":2,"href":"https:\/\/ultimato.com.br\/sites\/amorese\/wp-json\/wp\/v2\/posts\/1815\/revisions"}],"predecessor-version":[{"id":1818,"href":"https:\/\/ultimato.com.br\/sites\/amorese\/wp-json\/wp\/v2\/posts\/1815\/revisions\/1818"}],"wp:attachment":[{"href":"https:\/\/ultimato.com.br\/sites\/amorese\/wp-json\/wp\/v2\/media?parent=1815"}],"wp:term":[{"taxonomy":"category","embeddable":true,"href":"https:\/\/ultimato.com.br\/sites\/amorese\/wp-json\/wp\/v2\/categories?post=1815"},{"taxonomy":"post_tag","embeddable":true,"href":"https:\/\/ultimato.com.br\/sites\/amorese\/wp-json\/wp\/v2\/tags?post=1815"}],"curies":[{"name":"wp","href":"https:\/\/api.w.org\/{rel}","templated":true}]}}