{"id":172,"date":"2010-06-19T13:59:06","date_gmt":"2010-06-19T13:59:06","guid":{"rendered":"http:\/\/ultimato.com.br\/sites\/amorese\/?p=172"},"modified":"2010-08-26T14:00:25","modified_gmt":"2010-08-26T14:00:25","slug":"o-natal-e-o-misterio-da-iniquidad","status":"publish","type":"post","link":"https:\/\/ultimato.com.br\/sites\/amorese\/2010\/06\/19\/o-natal-e-o-misterio-da-iniquidad\/","title":{"rendered":"O Natal e o mist\u00e9rio da iniq\u00fcidad"},"content":{"rendered":"<p><a href=\"http:\/\/ultimato.com.br\/sites\/amorese\/files\/2010\/08\/Natal.jpg\"><img loading=\"lazy\" decoding=\"async\" class=\"alignleft size-full wp-image-173\" title=\"Natal\" src=\"http:\/\/ultimato.com.br\/sites\/amorese\/files\/2010\/08\/Natal.jpg\" alt=\"\" width=\"150\" height=\"200\" srcset=\"https:\/\/ultimato.com.br\/sites\/amorese\/files\/2010\/08\/Natal.jpg 150w, https:\/\/ultimato.com.br\/sites\/amorese\/files\/2010\/08\/Natal-112x150.jpg 112w\" sizes=\"auto, (max-width: 150px) 100vw, 150px\" \/><\/a>Est\u00e1 chegando o  Natal. N\u00e3o sei explicar por que essa \u00e9poca me deixa nost\u00e1lgico. Um  sentimento ao mesmo tempo doce e dolorido. Parecido com a saudade, que  d\u00f3i porque \u00e9 lembran\u00e7a boa. Mas d\u00f3i. Porque j\u00e1 n\u00e3o \u00e9.<\/p>\n<p>Parece que faz tanto tempo  que ele veio! Um menino destinado a virar o mundo de cabe\u00e7a para baixo.  Um homem obstinadamente decidido a morrer. Mas n\u00e3o uma morte qualquer.  Nem mesmo mart\u00edrio. Ele s\u00f3 se entregaria aos seus algozes para consumar o  que dele diziam as escrituras. E assim foi. E sua figura, naquela cruz  infame, avultou e agigantou-se como a conjuga\u00e7\u00e3o, inconceb\u00edvel, da  justi\u00e7a com a miseric\u00f3rdia de Deus. Nele se realizava o que at\u00e9 ent\u00e3o  fora somente esperan\u00e7a. E pelas suas pisaduras fomos sarados.<\/p>\n<p>Parece que faz tanto tempo  que cremos nele. Como se a magia do Natal tivesse cedido seu brilho para  os shoppings reluzentes, para a compra dos presentes, para a prepara\u00e7\u00e3o  das festas, dos cultos; para o ensaio do coral, da encena\u00e7\u00e3o a ser  apresentada no dia 24. Como se \u201co verdadeiro sentido do Natal\u201d tivesse  ficado nos melosos filmes Disney que assistimos tantas vezes na tv,  nessa \u00e9poca. Com direito a tren\u00f3, renas e duendes. Como se Natal fosse  coisa da nossa inf\u00e2ncia.<\/p>\n<p>Eu acho um tempo bom. Nost\u00e1lgico.<\/p>\n<p>Tempo de introspec\u00e7\u00e3o,  tamb\u00e9m. Parece que j\u00e1 n\u00e3o conseguimos nos relacionar t\u00e3o afetiva e  pessoalmente com aquele Jesus com quem tivemos um encontro \u00edntimo,  pessoal, profundo, transformador, insofism\u00e1vel, inesquec\u00edvel. Aquele que  recebemos exultantes em nosso cora\u00e7\u00e3o e que se transformou em nascente  de rio, em fonte de energia, em raz\u00e3o de viver, em seguran\u00e7a emocional,  em minist\u00e9rio pessoal etc. a contaminar tudo e todos \u00e0 nossa volta.  Aquele que nos levou para o ex\u00edlio e nos fez estrangeiros em nossa  pr\u00f3pria terra, mas que, ao mesmo tempo, nos trouxe para perto, para sua  fam\u00edlia.<\/p>\n<p>O que ter\u00e1 acontecido? Por  que esse sentimento de solid\u00e3o nost\u00e1lgica? Por que me sinto como o  \u00faltimo ing\u00eanuo, que n\u00e3o percebeu ainda que \u201cPapai Noel n\u00e3o existe\u201d?<\/p>\n<p>Ser\u00e1 que, por pena, ningu\u00e9m  me contou que crescemos como civiliza\u00e7\u00e3o e que essas coisas pueris j\u00e1  n\u00e3o cabem em nossa madura cultura tecnol\u00f3gica? Que a p\u00f3s-modernidade \u00e9  tamb\u00e9m p\u00f3s-crist\u00e3? Que o Natal n\u00e3o deve ligar-se ao Jesus b\u00edblico, para  n\u00e3o discriminar os (consumidores) que n\u00e3o cr\u00eaem nele? Que, por isso,  devemos usar a express\u00e3o Christmas Seasons (festas de fim-de-ano), politicamente mais correta, de modo a incluir aqueles que n\u00e3o cr\u00eaem em Jesus?<\/p>\n<p>Ou  ser\u00e1 que estou sentindo uma presen\u00e7a nova no mundo, prestes ser  manifestada? Um novo avatar que encerrar\u00e1 a era de peixes para inaugurar  a reg\u00eancia de aqu\u00e1rios? Um usurpador, decidido a transformar em  saudosas lembran\u00e7as nossas mais s\u00f3lidas convic\u00e7\u00f5es? Estarei pressentindo  o \u201chomem da iniq\u00fcidade\u201d j\u00e1 entre n\u00f3s? Aquele que  \u201cse op\u00f5e e se levanta contra tudo que se chama Deus ou \u00e9 objeto de  culto, a ponto de assentar-se no santu\u00e1rio de Deus, ostentando-se como  se fosse o pr\u00f3prio Deus\u201d (2Ts 2: 3,4)? Tenha Deus miseric\u00f3rdia de  n\u00f3s. Em especial, de nossos filhos e netos. Que a eles seja dada a  un\u00e7\u00e3o necess\u00e1ria para enfrentar a Besta e sustentar o testemunho de  Jesus.<\/p>\n","protected":false},"excerpt":{"rendered":"<p>Est\u00e1 chegando o  Natal. N\u00e3o sei explicar por que essa \u00e9poca me deixa nost\u00e1lgico. Um  sentimento ao mesmo tempo doce e dolorido. Parecido com a saudade, que  d\u00f3i porque \u00e9 lembran\u00e7a boa. Mas d\u00f3i. Porque j\u00e1 n\u00e3o \u00e9.<br \/>\nParece que faz tanto tempo  que ele veio! Um menino destinado a virar o [&#8230;]<\/p>\n","protected":false},"author":7,"featured_media":0,"comment_status":"open","ping_status":"open","sticky":false,"template":"","format":"standard","meta":{"footnotes":""},"categories":[116],"tags":[],"class_list":["post-172","post","type-post","status-publish","format-standard","hentry","category-blog"],"_links":{"self":[{"href":"https:\/\/ultimato.com.br\/sites\/amorese\/wp-json\/wp\/v2\/posts\/172","targetHints":{"allow":["GET"]}}],"collection":[{"href":"https:\/\/ultimato.com.br\/sites\/amorese\/wp-json\/wp\/v2\/posts"}],"about":[{"href":"https:\/\/ultimato.com.br\/sites\/amorese\/wp-json\/wp\/v2\/types\/post"}],"author":[{"embeddable":true,"href":"https:\/\/ultimato.com.br\/sites\/amorese\/wp-json\/wp\/v2\/users\/7"}],"replies":[{"embeddable":true,"href":"https:\/\/ultimato.com.br\/sites\/amorese\/wp-json\/wp\/v2\/comments?post=172"}],"version-history":[{"count":1,"href":"https:\/\/ultimato.com.br\/sites\/amorese\/wp-json\/wp\/v2\/posts\/172\/revisions"}],"predecessor-version":[{"id":174,"href":"https:\/\/ultimato.com.br\/sites\/amorese\/wp-json\/wp\/v2\/posts\/172\/revisions\/174"}],"wp:attachment":[{"href":"https:\/\/ultimato.com.br\/sites\/amorese\/wp-json\/wp\/v2\/media?parent=172"}],"wp:term":[{"taxonomy":"category","embeddable":true,"href":"https:\/\/ultimato.com.br\/sites\/amorese\/wp-json\/wp\/v2\/categories?post=172"},{"taxonomy":"post_tag","embeddable":true,"href":"https:\/\/ultimato.com.br\/sites\/amorese\/wp-json\/wp\/v2\/tags?post=172"}],"curies":[{"name":"wp","href":"https:\/\/api.w.org\/{rel}","templated":true}]}}