{"id":169,"date":"2010-06-19T13:55:40","date_gmt":"2010-06-19T13:55:40","guid":{"rendered":"http:\/\/ultimato.com.br\/sites\/amorese\/?p=169"},"modified":"2010-08-26T13:56:49","modified_gmt":"2010-08-26T13:56:49","slug":"orando-no-espelho","status":"publish","type":"post","link":"https:\/\/ultimato.com.br\/sites\/amorese\/2010\/06\/19\/orando-no-espelho\/","title":{"rendered":"Orando no espelho"},"content":{"rendered":"<p><a href=\"http:\/\/ultimato.com.br\/sites\/amorese\/files\/2010\/08\/OrandoEspelho.jpg\"><img loading=\"lazy\" decoding=\"async\" class=\"alignleft size-full wp-image-170\" title=\"OrandoEspelho\" src=\"http:\/\/ultimato.com.br\/sites\/amorese\/files\/2010\/08\/OrandoEspelho.jpg\" alt=\"\" width=\"150\" height=\"200\" srcset=\"https:\/\/ultimato.com.br\/sites\/amorese\/files\/2010\/08\/OrandoEspelho.jpg 150w, https:\/\/ultimato.com.br\/sites\/amorese\/files\/2010\/08\/OrandoEspelho-112x150.jpg 112w\" sizes=\"auto, (max-width: 150px) 100vw, 150px\" \/><\/a>Precisamos orar  pelo pa\u00eds. Temos esquecido de incluir o Brasil em nossos programas de  ora\u00e7\u00e3o. Deixamos nosso povo e nossos governantes sem cobertura. D\u00e1 no  que d\u00e1.<\/p>\n<p>Deus fez sua parte. Somos  um pa\u00eds \u201caben\u00e7oado por Deus\u201d, com imensas riquezas naturais, terras  f\u00e9rteis, clima ameno etc. Falta orar por nosso povo e por nossos  governantes.<\/p>\n<p>Penso logo numa lista de pedidos.<\/p>\n<p>Gostaria de poder comprar jornal numa caixa na cal\u00e7ada, onde coloco o dinheiro e pego o jornal, sem necessidade de vigias.<\/p>\n<p>Gostaria de poder tirar uma  simples c\u00f3pia, sem ter que pedir ao encarregado da chave do arm\u00e1rio do  papel da copiadora. Gostaria de n\u00e3o ter que trancar na gaveta, todo fim  de expediente, meus pap\u00e9is, r\u00e9guas e canetas. Sem tranca, tudo  desaparece, da noite para o dia.<\/p>\n<p>Gostaria de ver os gramados  de Bras\u00edlia sem aquelas milhares trilhas na grama. O povo n\u00e3o usa as  cal\u00e7adas que n\u00e3o coincidam com a linha reta que pretendem tra\u00e7ar ao seu  destino.<\/p>\n<p>Gostaria que meus vizinhos  usassem a sua \u00e1gua para lavar o carro, e n\u00e3o fizessem \u201cgatos\u201d na \u00e1gua do  condom\u00ednio. O mesmo para a luz, a tev\u00ea a cabo e at\u00e9 para linhas  telef\u00f4nicas.<\/p>\n<p>Gostaria que as pessoas  fossem pontuais. Que simplesmente chegassem na hora marcada. A gente  perderia menos tempo na vida, esperando por gente que acha que tem o  direito de nos fazer esperar (se reclamamos, dizem: \u201crelaxa!\u201d).<\/p>\n<p>Gostaria que todos os  motoristas que encontro nas ruas tivessem carteiras leg\u00edtimas e  soubessem as regras de tr\u00e2nsito. Que a compra de carteiras, certid\u00f5es,  diplomas, atestados e tudo o mais n\u00e3o fosse \u201cnormal\u201d.<\/p>\n<p>Gostaria que algu\u00e9m se  escandalizasse quando um pol\u00edtico entra de licen\u00e7a m\u00e9dica, como recurso  \u201cde praxe\u201d para se afastar. Que algu\u00e9m pedisse uma junta m\u00e9dica para  verificar se ele realmente est\u00e1 doente.<\/p>\n<p>Gostaria que meu presidente  soubesse alguma coisa do que se passa fora do seu gabinete; no pa\u00eds que  diz governar, por exemplo. Mas ele repete que n\u00e3o sabia.<\/p>\n<p>Gostaria que Roberto  Jefferson e Fernando Collor n\u00e3o mais se apresentassem como  \u201cgarotos-propaganda\u201d de um partido, como se fossem refer\u00eancias  nacionais.<\/p>\n<p>Gostaria que Marta Suplicy  deixasse de pensar s\u00f3 \u201cnaquilo\u201d. Em especial, quando se fala de crise na  avia\u00e7\u00e3o. \u201cRelaxar e gozar\u201d durante um estupro, na boca de uma ministra  de estado s\u00f3 pode ser o fundo do po\u00e7o moral de uma na\u00e7\u00e3o. Se ela n\u00e3o  puder mais ser mudada (nem com ora\u00e7\u00e3o), que seja retirada do cargo.<\/p>\n<p>Quanta mat\u00e9ria de ora\u00e7\u00e3o, para melhorar nosso pa\u00eds! Imagino que lhe ocorram muitas outras, leitor.<\/p>\n<p>Ser\u00e1 que Deus consegue?<\/p>\n<p>Bem, a resposta  encontraremos no espelho. Ao pensar nesses \u201cpedidos de ora\u00e7\u00e3o\u201d, vale  perguntar: \u00e9 por essa imagem no espelho que estou orando? N\u00e3o seria o  caso de usar, ent\u00e3o, \u201cn\u00f3s\u201d, como fez Neemias?<\/p>\n<p>Estejam, pois, atentos os  teus ouvidos, e os teus olhos, abertos, para acudires \u00e0 ora\u00e7\u00e3o do teu  servo, que hoje fa\u00e7o \u00e0 tua presen\u00e7a, dia e noite, pelos filhos de  Israel, teus servos; e fa\u00e7o confiss\u00e3o pelos pecados dos filhos de  Israel, os quais temos cometido contra ti; pois eu e a casa de meu pai  temos pecado. Temos procedido de todo corruptamente contra ti, n\u00e3o temos  guardado os mandamentos, nem os estatutos, nem os ju\u00edzos que ordenaste a  Mois\u00e9s, teu servo. (Ne 1:6,7)<\/p>\n<p>Devemos  orar pelo Brasil, sem d\u00favida. Deus, na sua miseric\u00f3rdia, responder\u00e1 se,  com temor, suplicarmos por esse rosto que vemos no espelho.<\/p>\n","protected":false},"excerpt":{"rendered":"<p>Precisamos orar  pelo pa\u00eds. Temos esquecido de incluir o Brasil em nossos programas de  ora\u00e7\u00e3o. Deixamos nosso povo e nossos governantes sem cobertura. D\u00e1 no  que d\u00e1.<br \/>\nDeus fez sua parte. Somos  um pa\u00eds \u201caben\u00e7oado por Deus\u201d, com imensas riquezas naturais, terras  f\u00e9rteis, clima ameno etc. Falta orar por nosso povo [&#8230;]<\/p>\n","protected":false},"author":7,"featured_media":0,"comment_status":"open","ping_status":"open","sticky":false,"template":"","format":"standard","meta":{"footnotes":""},"categories":[116],"tags":[],"class_list":["post-169","post","type-post","status-publish","format-standard","hentry","category-blog"],"_links":{"self":[{"href":"https:\/\/ultimato.com.br\/sites\/amorese\/wp-json\/wp\/v2\/posts\/169","targetHints":{"allow":["GET"]}}],"collection":[{"href":"https:\/\/ultimato.com.br\/sites\/amorese\/wp-json\/wp\/v2\/posts"}],"about":[{"href":"https:\/\/ultimato.com.br\/sites\/amorese\/wp-json\/wp\/v2\/types\/post"}],"author":[{"embeddable":true,"href":"https:\/\/ultimato.com.br\/sites\/amorese\/wp-json\/wp\/v2\/users\/7"}],"replies":[{"embeddable":true,"href":"https:\/\/ultimato.com.br\/sites\/amorese\/wp-json\/wp\/v2\/comments?post=169"}],"version-history":[{"count":1,"href":"https:\/\/ultimato.com.br\/sites\/amorese\/wp-json\/wp\/v2\/posts\/169\/revisions"}],"predecessor-version":[{"id":171,"href":"https:\/\/ultimato.com.br\/sites\/amorese\/wp-json\/wp\/v2\/posts\/169\/revisions\/171"}],"wp:attachment":[{"href":"https:\/\/ultimato.com.br\/sites\/amorese\/wp-json\/wp\/v2\/media?parent=169"}],"wp:term":[{"taxonomy":"category","embeddable":true,"href":"https:\/\/ultimato.com.br\/sites\/amorese\/wp-json\/wp\/v2\/categories?post=169"},{"taxonomy":"post_tag","embeddable":true,"href":"https:\/\/ultimato.com.br\/sites\/amorese\/wp-json\/wp\/v2\/tags?post=169"}],"curies":[{"name":"wp","href":"https:\/\/api.w.org\/{rel}","templated":true}]}}