{"id":160,"date":"2010-06-19T13:48:03","date_gmt":"2010-06-19T13:48:03","guid":{"rendered":"http:\/\/ultimato.com.br\/sites\/amorese\/?p=160"},"modified":"2010-08-26T13:49:18","modified_gmt":"2010-08-26T13:49:18","slug":"perdao","status":"publish","type":"post","link":"https:\/\/ultimato.com.br\/sites\/amorese\/2010\/06\/19\/perdao\/","title":{"rendered":"Perd\u00e3o"},"content":{"rendered":"<p><a href=\"http:\/\/ultimato.com.br\/sites\/amorese\/files\/2010\/08\/Perdao.jpg\"><img loading=\"lazy\" decoding=\"async\" class=\"alignleft size-full wp-image-161\" title=\"Perdao\" src=\"http:\/\/ultimato.com.br\/sites\/amorese\/files\/2010\/08\/Perdao.jpg\" alt=\"\" width=\"150\" height=\"200\" srcset=\"https:\/\/ultimato.com.br\/sites\/amorese\/files\/2010\/08\/Perdao.jpg 150w, https:\/\/ultimato.com.br\/sites\/amorese\/files\/2010\/08\/Perdao-112x150.jpg 112w\" sizes=\"auto, (max-width: 150px) 100vw, 150px\" \/><\/a>O rec\u00e9m-criado  Instituto Internacional do Perd\u00e3o, em Madison, Wisconsin, EUA, chama  aten\u00e7\u00e3o pelo nome. Um de seus objetivos \u00e9 levar \u00e0s crian\u00e7as de escolas  p\u00fablicas de Belfast, Irlanda do Norte, o resultado de anos de pesquisa  sobre a terapia do perd\u00e3o. &#8220;Treinamos os professores e eles entregaram a  forma\u00e7\u00e3o \u00e0s crian\u00e7as&#8221;, diz o psic\u00f3logo Dr. Robert Enright, criador do  Instituto e autor do livro: Ajudando os Clientes a Perdoar: Um Guia  Emp\u00edrico para Resolver a Ira e Restaurar a Esperan\u00e7a (APA Books, 2000).<br \/>\nEm entrevista ao  jornal eletr\u00f4nico Zenit (zenit.org), Dr. Enright diz que o trabalho em  Belfast busca ajudar aquela cidade marcada pela guerra. Ele espera que  as crian\u00e7as, atrav\u00e9s dos anos, tornem-se doadoras de perd\u00e3o. &#8220;Este ano,  vamos \u00e0 quinta s\u00e9rie, no pr\u00f3ximo ano ao segundo grau. Descobrimos que  crian\u00e7as pequenas &#8230; podem aprender sobre o perd\u00e3o e ent\u00e3o fazer  reduzir a raiva excessiva&#8221;, diz ele. &#8220;A esperan\u00e7a \u00e9 que, armados com  essa profunda compreens\u00e3o do perd\u00e3o, elas como adultas forjar\u00e3o uma paz  mais satisfat\u00f3ria em suas comunidades que a que t\u00eam hoje&#8221;, conclui.<br \/>\nAcho interessante a  perspectiva de um perd\u00e3o que alcance gera\u00e7\u00f5es. Em especial, em \u00e1reas de  guerra ou nos guetos. Dr. Enright ensina que as pessoas levam para o  casamento feridas e iras profundas; muitas delas recebidas de seus pais.  E as passar\u00e3o para seus filhos, se n\u00e3o tiverem ajuda.<br \/>\nAs t\u00e9cnicas  terap\u00eauticas envolvem uma lenta e cuidadosa progress\u00e3o em dire\u00e7\u00e3o ao  &#8220;perd\u00e3o cognitivo&#8221;, que come\u00e7a com pensamentos de perd\u00e3o e declara\u00e7\u00f5es  positivas em dire\u00e7\u00e3o ao agressor. &#8220;A pessoa neste ponto n\u00e3o precisa de  aproxima\u00e7\u00e3o ao ofensor, mas fazer esse perd\u00e3o cognitivo consigo mesma&#8221;,  diz Enright.<br \/>\n&#8220;N\u00e3o \u00e9 um processo  f\u00e1cil&#8221;, diz o entrevistado. &#8220;Seguir o perd\u00e3o cognitivo \u00e9 perd\u00e3o  emocional, a abertura de si mesmo \u00e0 compaix\u00e3o e ao amor para com aquele  que o feriu. Isso \u00e9 dif\u00edcil e pode levar tempo. Algumas pessoas em  terapia n\u00e3o est\u00e3o prontas para esse passo e isso deve ser honrado. Ainda  \u00e9 um mist\u00e9rio para n\u00f3s como tal compaix\u00e3o cresce no cora\u00e7\u00e3o humano para  com as pessoas que [lhe] foram e s\u00e3o profundamente injustas. Certamente  a gra\u00e7a de Deus \u00e9 operante aqui, mas n\u00f3s como cientistas n\u00e3o temos a  linguagem para descrever isso completamente. A ci\u00eancia \u00e9 limitada como  s\u00e3o todas nossas tentativas humanas de entender os mist\u00e9rios&#8221;.<br \/>\nMist\u00e9rios, de  fato! Fico animado, no entanto, em saber que se estejam buscando  caminhos terap\u00eauticos para trabalhar com esse mist\u00e9rio, em particular.  Vejo a ci\u00eancia e a f\u00e9 caminhando juntas em dire\u00e7\u00e3o ao alvo perfeito: a  reconcilia\u00e7\u00e3o.<br \/>\nE pensar que n\u00f3s crist\u00e3os sabemos t\u00e3o pouco sobre esse tema central do  evangelho. Mist\u00e9rio para n\u00f3s tamb\u00e9m. Quando muito, compreendemos que  devemos orar pelos nossos ofensores, em vez de amaldi\u00e7o\u00e1-los. \u00c9 uma  forma de buscar o &#8220;perd\u00e3o cognitivo&#8221;. Mas precisamos aprender a dar  passos certos na dire\u00e7\u00e3o da cura de nossas pr\u00f3prias almas. Porque perd\u00e3o  retido transforma-se em verdugo e algoz. \u00c9 hora de aprendermos a  discernir, praticamente, a ordem de Jesus: &#8220;Deixa perante o altar a tua  oferta, vai primeiro reconciliar-te com teu irm\u00e3o; e, ent\u00e3o, voltando,  faze a tua oferta&#8221;. Mt 5,24.<\/p>\n","protected":false},"excerpt":{"rendered":"<p>O rec\u00e9m-criado  Instituto Internacional do Perd\u00e3o, em Madison, Wisconsin, EUA, chama  aten\u00e7\u00e3o pelo nome. Um de seus objetivos \u00e9 levar \u00e0s crian\u00e7as de escolas  p\u00fablicas de Belfast, Irlanda do Norte, o resultado de anos de pesquisa  sobre a terapia do perd\u00e3o. &#8220;Treinamos os professores e eles entregaram a  forma\u00e7\u00e3o \u00e0s [&#8230;]<\/p>\n","protected":false},"author":7,"featured_media":0,"comment_status":"open","ping_status":"open","sticky":false,"template":"","format":"standard","meta":{"footnotes":""},"categories":[116],"tags":[],"class_list":["post-160","post","type-post","status-publish","format-standard","hentry","category-blog"],"_links":{"self":[{"href":"https:\/\/ultimato.com.br\/sites\/amorese\/wp-json\/wp\/v2\/posts\/160","targetHints":{"allow":["GET"]}}],"collection":[{"href":"https:\/\/ultimato.com.br\/sites\/amorese\/wp-json\/wp\/v2\/posts"}],"about":[{"href":"https:\/\/ultimato.com.br\/sites\/amorese\/wp-json\/wp\/v2\/types\/post"}],"author":[{"embeddable":true,"href":"https:\/\/ultimato.com.br\/sites\/amorese\/wp-json\/wp\/v2\/users\/7"}],"replies":[{"embeddable":true,"href":"https:\/\/ultimato.com.br\/sites\/amorese\/wp-json\/wp\/v2\/comments?post=160"}],"version-history":[{"count":1,"href":"https:\/\/ultimato.com.br\/sites\/amorese\/wp-json\/wp\/v2\/posts\/160\/revisions"}],"predecessor-version":[{"id":162,"href":"https:\/\/ultimato.com.br\/sites\/amorese\/wp-json\/wp\/v2\/posts\/160\/revisions\/162"}],"wp:attachment":[{"href":"https:\/\/ultimato.com.br\/sites\/amorese\/wp-json\/wp\/v2\/media?parent=160"}],"wp:term":[{"taxonomy":"category","embeddable":true,"href":"https:\/\/ultimato.com.br\/sites\/amorese\/wp-json\/wp\/v2\/categories?post=160"},{"taxonomy":"post_tag","embeddable":true,"href":"https:\/\/ultimato.com.br\/sites\/amorese\/wp-json\/wp\/v2\/tags?post=160"}],"curies":[{"name":"wp","href":"https:\/\/api.w.org\/{rel}","templated":true}]}}