{"id":1567,"date":"2016-06-28T09:54:26","date_gmt":"2016-06-28T12:54:26","guid":{"rendered":"http:\/\/ultimato.com.br\/sites\/amorese\/?p=1567"},"modified":"2016-06-28T09:54:26","modified_gmt":"2016-06-28T12:54:26","slug":"a-verdade-de-cada-um","status":"publish","type":"post","link":"https:\/\/ultimato.com.br\/sites\/amorese\/2016\/06\/28\/a-verdade-de-cada-um\/","title":{"rendered":"A verdade de cada um"},"content":{"rendered":"<p style=\"text-align: justify;\">Se Deus quiser, 2016 ser\u00e1, para mim, o ano da verdade. Sou de uma gera\u00e7\u00e3o em que a verdade importava. E vivo \u00e0 procura da verdade das coisas. Uma busca meio instintiva e, talvez, quixotesca. A penumbra da pol\u00edtica, da ci\u00eancia encomendada, da ideologia, dos partidarismos, dos modismos, das religi\u00f5es, das certezas, tudo isso me tira o conforto: Verdade? Mentira?<img loading=\"lazy\" decoding=\"async\" class=\"alignleft\" src=\"http:\/\/www.ultimato.com.br\/image\/revistas\/ult_358\/ult_358_ponto_final.jpg\" alt=\"\" width=\"191\" height=\"314\" align=\"left\" \/><\/p>\n<div id=\"texto\">\n<p style=\"text-align: justify;\">Parece que a gera\u00e7\u00e3o atual n\u00e3o se incomoda tanto com isso. Num dia, o ovo faz mal e, no outro, \u00e9 saud\u00e1vel. Ontem, o aspartame derretia o c\u00e9rebro e hoje \u00e9 reabilitado. Caf\u00e9 \u00e9 veneno. Caf\u00e9 faz bem. E o chocolate? E o kit de primeiros socorros nos carros? E o indispens\u00e1vel extintor de inc\u00eandio? E a verdade?<\/p>\n<p style=\"text-align: justify;\">Eu tor\u00e7o pela desmoraliza\u00e7\u00e3o p\u00fablica das mentiras e dos mentirosos. Sejam eles mestres, jornalistas, pastores, cientistas, pol\u00edticos, governos, magistrados ou presidentes.<\/p>\n<p style=\"text-align: justify;\">Abro o jornal e encontro a informa\u00e7\u00e3o de que uma fam\u00edlia americana resolveu deixar o filho decidir se ser\u00e1 menino ou menina. E ele, agora com dez anos, ainda est\u00e1 em d\u00favida. Os pais dizem que ele est\u00e1 feliz. S\u00f3 reclamam da discrimina\u00e7\u00e3o no col\u00e9gio, quando ele resolve que, naquele dia, \u00e9 uma menina.<\/p>\n<p style=\"text-align: justify;\">Melhor consultar o caderno de ci\u00eancias. Costumam ser mais verdadeiros. Um estudo realizado na Universidade de Essex, na Inglaterra, diz que n\u00e3o existem mulheres heterossexuais. De acordo com os pesquisadores, elas sempre s\u00e3o bissexuais ou gays, mesmo que afirmem o contr\u00e1rio.<\/p>\n<p style=\"text-align: justify;\">\nMelhor mudar para a pol\u00edtica. E leio: \u201cUm dia a hist\u00f3ria revelar\u00e1 que n\u00e3o houve mensal\u00e3o; que o mensal\u00e3o n\u00e3o existiu\u201d. Procuro outra not\u00edcia e leio: \u201cN\u00e3o h\u00e1 corrup\u00e7\u00e3o no meu governo\u201d. Mas, mas&#8230;<\/p>\n<p style=\"text-align: justify;\">Melhor voltar para o meu porto seguro: o meio evang\u00e9lico. Ah, o mundo dos disc\u00edpulos de Jesus. Mas espere, vejo pastores vendendo \u00e1gua do Jord\u00e3o para curar artrite. Ser\u00e1? Sal grosso para inveja? Azeite da Terra Santa para ora\u00e7\u00f5es fortes? Templo de Salom\u00e3o em S\u00e3o Paulo? Ser\u00e1?<\/p>\n<p style=\"text-align: justify;\">Melhor procurar um belo serm\u00e3o de inspira\u00e7\u00e3o na internet. \u201cTenho vergonha da igreja evang\u00e9lica; n\u00e3o quero mais ser chamado de evang\u00e9lico.\u201d Ai, ai!<\/p>\n<p style=\"text-align: justify;\">Hoje, todos t\u00eam a sua verdade. E fazem quest\u00e3o de diz\u00ea-la. Muitas vezes, sem cuidado, sem temor. Mesmo entre n\u00f3s.<\/p>\n<p style=\"text-align: justify;\">Parece que estamos vivendo o tempo de Isa\u00edas: \u201c<\/p>\n<blockquote><p>Pelo que o direito se retirou, e a justi\u00e7a se p\u00f4s de longe; porque a verdade anda trope\u00e7ando pelas pra\u00e7as, e a retid\u00e3o n\u00e3o pode entrar. Sim, a verdade sumiu, e quem se desvia do mal \u00e9 tratado como presa\u201d (Is 59.14, 15).<\/p><\/blockquote>\n<p style=\"text-align: justify;\">A velocidade e a quantidade das informa\u00e7\u00f5es que recebemos e a consequente fragmenta\u00e7\u00e3o do nosso conhecimento nos levam a relativizar tudo. E acabam por nos empurrar para uma \u201cequidist\u00e2ncia\u201d quase c\u00ednica de tudo o que se apresente como fato, como verdade. Confesso que me deixei angustiar, ao ver ladr\u00e3o sendo tratado como her\u00f3i e bandido como refer\u00eancia nacional. Com direito a ser sufragado nas urnas como representante do povo.<\/p>\n<p style=\"text-align: justify;\">Ent\u00e3o, na minha ang\u00fastia, procurei por Deus em ora\u00e7\u00e3o e lhe perguntei: \u201cSenhor, a verdade morreu? Perdeu-se na escurid\u00e3o de uma gera\u00e7\u00e3o rebelde?\u201d. E o ouvi dizer ao meu cora\u00e7\u00e3o: \u201cPor que voc\u00ea est\u00e1 aflito, e me pergunta isso? N\u00e3o estamos n\u00f3s dois, aqui, conversando? O que mais seu cora\u00e7\u00e3o deseja? Ande, voc\u00ea, na minha presen\u00e7a\u201d.<\/p>\n<p style=\"text-align: justify;\">Eu entendi. Aquietei-me. E dormi em paz.<\/p>\n<p>__________________________<\/p>\n<p><a href=\"http:\/\/www.ultimato.com.br\/revista\/artigos\/358\/a-verdade-de-cada-um\">Edi\u00e7\u00e3o 358.<\/a><\/p>\n<\/div>\n","protected":false},"excerpt":{"rendered":"<p>Ent\u00e3o, na minha ang\u00fastia, perguntei: \u201cSenhor, a verdade morreu? Perdeu-se na escurid\u00e3o de uma gera\u00e7\u00e3o rebelde?\u201d<\/p>\n","protected":false},"author":13,"featured_media":0,"comment_status":"open","ping_status":"open","sticky":false,"template":"","format":"standard","meta":{"footnotes":""},"categories":[116],"tags":[124,23808,9508],"class_list":["post-1567","post","type-post","status-publish","format-standard","hentry","category-blog","tag-oracao","tag-rebeldia","tag-verdade"],"_links":{"self":[{"href":"https:\/\/ultimato.com.br\/sites\/amorese\/wp-json\/wp\/v2\/posts\/1567","targetHints":{"allow":["GET"]}}],"collection":[{"href":"https:\/\/ultimato.com.br\/sites\/amorese\/wp-json\/wp\/v2\/posts"}],"about":[{"href":"https:\/\/ultimato.com.br\/sites\/amorese\/wp-json\/wp\/v2\/types\/post"}],"author":[{"embeddable":true,"href":"https:\/\/ultimato.com.br\/sites\/amorese\/wp-json\/wp\/v2\/users\/13"}],"replies":[{"embeddable":true,"href":"https:\/\/ultimato.com.br\/sites\/amorese\/wp-json\/wp\/v2\/comments?post=1567"}],"version-history":[{"count":2,"href":"https:\/\/ultimato.com.br\/sites\/amorese\/wp-json\/wp\/v2\/posts\/1567\/revisions"}],"predecessor-version":[{"id":1569,"href":"https:\/\/ultimato.com.br\/sites\/amorese\/wp-json\/wp\/v2\/posts\/1567\/revisions\/1569"}],"wp:attachment":[{"href":"https:\/\/ultimato.com.br\/sites\/amorese\/wp-json\/wp\/v2\/media?parent=1567"}],"wp:term":[{"taxonomy":"category","embeddable":true,"href":"https:\/\/ultimato.com.br\/sites\/amorese\/wp-json\/wp\/v2\/categories?post=1567"},{"taxonomy":"post_tag","embeddable":true,"href":"https:\/\/ultimato.com.br\/sites\/amorese\/wp-json\/wp\/v2\/tags?post=1567"}],"curies":[{"name":"wp","href":"https:\/\/api.w.org\/{rel}","templated":true}]}}