{"id":1555,"date":"2016-03-24T11:25:12","date_gmt":"2016-03-24T14:25:12","guid":{"rendered":"http:\/\/ultimato.com.br\/sites\/amorese\/?p=1555"},"modified":"2016-03-24T11:26:06","modified_gmt":"2016-03-24T14:26:06","slug":"nem-se-atemorize","status":"publish","type":"post","link":"https:\/\/ultimato.com.br\/sites\/amorese\/2016\/03\/24\/nem-se-atemorize\/","title":{"rendered":"Nem se atemorize"},"content":{"rendered":"<p style=\"text-align: left;\"><a href=\"http:\/\/ultimato.com.br\/sites\/amorese\/files\/2016\/03\/Pascoa.jpg\" rel=\"attachment wp-att-1557\"><img loading=\"lazy\" decoding=\"async\" class=\"alignleft size-medium wp-image-1557\" src=\"http:\/\/ultimato.com.br\/sites\/amorese\/files\/2016\/03\/Pascoa-300x225.jpg\" alt=\"Pascoa\" width=\"300\" height=\"225\" srcset=\"https:\/\/ultimato.com.br\/sites\/amorese\/files\/2016\/03\/Pascoa-300x225.jpg 300w, https:\/\/ultimato.com.br\/sites\/amorese\/files\/2016\/03\/Pascoa-768x576.jpg 768w, https:\/\/ultimato.com.br\/sites\/amorese\/files\/2016\/03\/Pascoa-150x113.jpg 150w, https:\/\/ultimato.com.br\/sites\/amorese\/files\/2016\/03\/Pascoa.jpg 1000w\" sizes=\"auto, (max-width: 300px) 100vw, 300px\" \/><\/a>Este ano a P\u00e1scoa vai ser diferente para os brasileiros. Quando voc\u00ea ler essa frase, pode ser que ela j\u00e1 tenha ocorrido, porque escrevo na quinta-feira de P\u00e1scoa.<\/p>\n<p style=\"text-align: left;\">Escrevo num momento de grande tens\u00e3o, em todo o pa\u00eds. Nas ruas e nas pra\u00e7as se revezam multid\u00f5es de cidad\u00e3os contra e a favor do governo. O n\u00famero \u00e9 crescente, contados aos milhares e, em alguns epis\u00f3dios, milh\u00f5es. Os jornais trazem not\u00edcias inquietantes sobre pris\u00f5es de empres\u00e1rios, pol\u00edticos e autoridades, at\u00e9 aqui insuspeitas; falam de dela\u00e7\u00f5es premiadas explosivas; de grampos telef\u00f4nicos, de ataques verbais ao STF e a seus ju\u00edzes; de julgamentos na C\u00e2mara dos Deputados; de propinas milion\u00e1rias; de repatria\u00e7\u00e3o de bilh\u00f5es roubados das estatais brasileiras; de pris\u00f5es no Brasil e no exterior; de <em>impeachment<\/em> da presidente da Rep\u00fablica, e muitos outros.<\/p>\n<p style=\"text-align: left;\">Na Internet, o ambiente de confronta\u00e7\u00e3o p\u00fablica de for\u00e7as pol\u00edticas abre espa\u00e7o para boatos os mais sinistros. Chega-se a anunciar iminente golpe de estado, seguido da invas\u00e3o do pa\u00eds por for\u00e7as estrangeiras. Diz-se, em &#8220;posts&#8221; de autoria duvidosa, que haja quem esteja prestes a botar fogo no pa\u00eds. E o povo, at\u00f4nito, j\u00e1 n\u00e3o sabe no que acreditar. Mas, com a facilidade de comunica\u00e7\u00e3o existente, passa a reenviar tais mensagens, tornando-as quase verdadeiras.<\/p>\n<p style=\"text-align: left;\">O pa\u00eds vive crise econ\u00f4mica e pol\u00edtica. Quebradeira nas empresas, desemprego em alta, imprensa faturando com os esc\u00e2ndalos. Clima prop\u00edcio para o surgimento de salvadores da p\u00e1tria.<\/p>\n<p style=\"text-align: left;\">Nesse momento inquietante, percebemos que estamos na quinta-feira de P\u00e1scoa.<\/p>\n<p style=\"text-align: left;\">H\u00e1 milhares de anos, o povo de Deus viveu um drama parecido; o drama dos dias turbulentos que antecederam sua sa\u00edda do Egito. Naqueles dias, muitas pragas assolavam o reino, ferindo eg\u00edpcios e israelitas.<\/p>\n<p style=\"text-align: left;\">H\u00e1 dois mil anos, Jesus celebraria essa data com seus disc\u00edpulos, para ser preso em seguida e, num julgamento viciado, ver-se condenado \u00e0 morte. Nesta quinta-feira, ele celebrou a sua p\u00e1scoa, trazendo para o momento um novo significado, uma nova alian\u00e7a, no seu sangue.<\/p>\n<p style=\"text-align: left;\">Este ano, a cerim\u00f4nia do lava-p\u00e9s, inaugurada por Jesus e relembrada em muitas igrejas crist\u00e3s, certamente incluir\u00e1 um momento de ora\u00e7\u00e3o pela p\u00e1tria e pelas autoridades. Independentemente de colora\u00e7\u00e3o pol\u00edtica ou partid\u00e1ria. Ser\u00e1 momento de contri\u00e7\u00e3o e arrependimento, quando se depositar\u00e3o aos p\u00e9s da cruz raz\u00f5es e convic\u00e7\u00f5es ideol\u00f3gicas e cada um se ver\u00e1 como povo brasileiro e se irmanar\u00e1 em fam\u00edlia: filhos de um mesmo Deus e pai de todos. Porque aos p\u00e9s da cruz somos todos por Deus &#8220;encerrados na desobedi\u00eancia, a fim de usar de miseric\u00f3rdia para com todos&#8221;.<\/p>\n<p style=\"text-align: left;\">No momento do &#8220;sacrif\u00edcio da P\u00e1scoa&#8221;, conv\u00e9m que as disputas cessem, que as diferen\u00e7as desapare\u00e7am, que as dist\u00e2ncias se encurtem e que as pontes da fraternidade se lancem. \u00c0 sombra da imensid\u00e3o daquele gesto de reconcilia\u00e7\u00e3o, gregos e judeus fazem-se irm\u00e3os.<\/p>\n<p style=\"text-align: left;\">Entretanto, ainda assim, haver\u00e1 um misto de f\u00e9 e sobressalto em cada cora\u00e7\u00e3o. Como quando se comiam os p\u00e3es asmos, em seguran\u00e7a, ao tempo em que se ouviam os gritos de dor nas casas eg\u00edpcias; em muitos casos, vizinhos queridos. Como quando se ouviu Jesus dizer a Judas, enigmaticamente, que se apressasse a fazer o que tinha que fazer. E este deixou a ceia com um semblante sombrio.<\/p>\n<p style=\"text-align: left;\">Sim, esta P\u00e1scoa ser\u00e1 especial para a igreja crist\u00e3 brasileira, porque o ambiente remete ao momento das duas \u00faltimas pragas. Entretanto, \u00e9 inevit\u00e1vel considerar, tamb\u00e9m, que nas duas ocorr\u00eancias lembradas, esse momento de trevas precedeu a liberta\u00e7\u00e3o. Da &#8220;casa da servid\u00e3o&#8221;, na primeira, e da morte, na segunda. Em ambos os casos, o Senhor ouviu o clamor do seu povo e o libertou do jugo que lhe esfolava o lombo.<\/p>\n<p style=\"text-align: left;\">Essa consci\u00eancia de que &#8220;Israel \u00e9 meu filho&#8221; n\u00e3o deve perder-se em nossos cora\u00e7\u00f5es. Muito menos a afirma\u00e7\u00e3o de que &#8220;este \u00e9 o meu filho amado&#8221;. N\u00e3o para nossa soberba, mas para que n\u00e3o percamos a paz que ele veio trazer. Uma paz que o mundo n\u00e3o pode dar, mas que tamb\u00e9m n\u00e3o pode tirar.<\/p>\n<p style=\"text-align: left;\">\u00c9 tempo, sim, de contri\u00e7\u00e3o e arrependimento. Este \u00e9 o modo de viver o presente momento nacional. \u00c9 tempo de P\u00e1scoa; de crer no evangelho. \u00c9 tempo de crer num Deus que comanda a hist\u00f3ria, para conduzi-la a um &#8220;eis que tudo era muito bom&#8221;. E que nos diz, por meio do seu Filho: &#8220;n\u00e3o se turbe o vosso cora\u00e7\u00e3o, nem se atemorize&#8221; (Jo 14:27).<\/p>\n","protected":false},"excerpt":{"rendered":"<p>H\u00e1 milhares de anos, o povo de Deus viveu o drama dos dias turbulentos que antecederam sua p\u00e1scoa.<\/p>\n","protected":false},"author":13,"featured_media":0,"comment_status":"open","ping_status":"open","sticky":false,"template":"","format":"standard","meta":{"footnotes":""},"categories":[116],"tags":[],"class_list":["post-1555","post","type-post","status-publish","format-standard","hentry","category-blog"],"_links":{"self":[{"href":"https:\/\/ultimato.com.br\/sites\/amorese\/wp-json\/wp\/v2\/posts\/1555","targetHints":{"allow":["GET"]}}],"collection":[{"href":"https:\/\/ultimato.com.br\/sites\/amorese\/wp-json\/wp\/v2\/posts"}],"about":[{"href":"https:\/\/ultimato.com.br\/sites\/amorese\/wp-json\/wp\/v2\/types\/post"}],"author":[{"embeddable":true,"href":"https:\/\/ultimato.com.br\/sites\/amorese\/wp-json\/wp\/v2\/users\/13"}],"replies":[{"embeddable":true,"href":"https:\/\/ultimato.com.br\/sites\/amorese\/wp-json\/wp\/v2\/comments?post=1555"}],"version-history":[{"count":4,"href":"https:\/\/ultimato.com.br\/sites\/amorese\/wp-json\/wp\/v2\/posts\/1555\/revisions"}],"predecessor-version":[{"id":1560,"href":"https:\/\/ultimato.com.br\/sites\/amorese\/wp-json\/wp\/v2\/posts\/1555\/revisions\/1560"}],"wp:attachment":[{"href":"https:\/\/ultimato.com.br\/sites\/amorese\/wp-json\/wp\/v2\/media?parent=1555"}],"wp:term":[{"taxonomy":"category","embeddable":true,"href":"https:\/\/ultimato.com.br\/sites\/amorese\/wp-json\/wp\/v2\/categories?post=1555"},{"taxonomy":"post_tag","embeddable":true,"href":"https:\/\/ultimato.com.br\/sites\/amorese\/wp-json\/wp\/v2\/tags?post=1555"}],"curies":[{"name":"wp","href":"https:\/\/api.w.org\/{rel}","templated":true}]}}