{"id":1540,"date":"2016-02-01T08:39:53","date_gmt":"2016-02-01T11:39:53","guid":{"rendered":"http:\/\/ultimato.com.br\/sites\/amorese\/?p=1540"},"modified":"2016-02-01T08:39:53","modified_gmt":"2016-02-01T11:39:53","slug":"encantado","status":"publish","type":"post","link":"https:\/\/ultimato.com.br\/sites\/amorese\/2016\/02\/01\/encantado\/","title":{"rendered":"Encantado"},"content":{"rendered":"<p style=\"text-align: justify;\"><a href=\"http:\/\/ultimato.com.br\/sites\/amorese\/files\/2016\/02\/Adorador.png\" rel=\"attachment wp-att-1542\"><img loading=\"lazy\" decoding=\"async\" class=\"alignleft size-full wp-image-1542\" src=\"http:\/\/ultimato.com.br\/sites\/amorese\/files\/2016\/02\/Adorador.png\" alt=\"Adorador\" width=\"226\" height=\"223\" srcset=\"https:\/\/ultimato.com.br\/sites\/amorese\/files\/2016\/02\/Adorador.png 226w, https:\/\/ultimato.com.br\/sites\/amorese\/files\/2016\/02\/Adorador-80x80.png 80w, https:\/\/ultimato.com.br\/sites\/amorese\/files\/2016\/02\/Adorador-150x148.png 150w\" sizes=\"auto, (max-width: 226px) 100vw, 226px\" \/><\/a>&#8220;Dize-me com quem andas e dir-te-ei quem \u00e9s&#8221;, diz o ditado popular.<\/p>\n<p style=\"text-align: justify;\">Ser\u00e1 a influ\u00eancia das companhias t\u00e3o forte a ponto de modificar o car\u00e1ter de uma pessoa? Para o bem ou para o mal? Ser\u00e1 esse fen\u00f4meno t\u00e3o concreto e vis\u00edvel que tenha sido destilado em sabedoria resistente ao desgaste dos s\u00e9culos?<\/p>\n<p style=\"text-align: justify;\">Creio que sim, e que tamb\u00e9m \u00e9 verdadeiro: &#8220;dize-me com que <em>deus<\/em> andas e dir-te-ei quem \u00e9s&#8221;. Ou seja: &#8220;somos parecidos com o deus que adoramos&#8221;. Inclusive, se somos adoradores nominais, displicentes, formais, ou apenas &#8220;frequentadores&#8221;, certamente nosso &#8220;car\u00e1ter crist\u00e3o&#8221; refletir\u00e1 essas caracter\u00edsticas devocionais.<\/p>\n<p style=\"text-align: justify;\">Ser\u00e1, ent\u00e3o, apropriado usar a express\u00e3o &#8220;mau-car\u00e1ter espiritual&#8221;? Ou que algu\u00e9m tenha &#8220;um problema de car\u00e1ter&#8221; no que toca \u00e0 religi\u00e3o? Meu pensamento \u00e9, tamb\u00e9m, que sim. Acredito que haja uma simetria entre os processos relacionais humanos e dos humanos com a divindade. E essas influ\u00eancias (que deixam as m\u00e3es t\u00e3o inseguras) s\u00e3o verdadeiras.<\/p>\n<p style=\"text-align: justify;\">Com que <em>deus<\/em> nos parecemos n\u00f3s? Depende do deus que adoramos. E de como o adoramos.<\/p>\n<p style=\"text-align: justify;\">De pronto, descobrimos que se trata de um Deus tri\u00fano; uma emula\u00e7\u00e3o em santidade de tr\u00eas pessoas que, n\u00e3o se contentando com essa autossufici\u00eancia, decide ampliar suas rela\u00e7\u00f5es de amor e criar-nos \u00e0 sua imagem e semelhan\u00e7a, para vivermos tamb\u00e9m n\u00f3s, em harmonia e unidade, na plena felicidade de uma fam\u00edlia perfeita. E dessa concep\u00e7\u00e3o eterna (Ef 1:4-6), tomou o nome do Pai toda a fam\u00edlia, tanto do c\u00e9u como da terra (Ef 3: 14,15).<\/p>\n<p style=\"text-align: justify;\">Parecemo-nos com um Deus afetuoso. Um Deus que nos prop\u00f5e uma rela\u00e7\u00e3o de amor. Melhor, de &#8220;(e)ternos afetos e miseric\u00f3rdias&#8221;, a transbordar horizontalmente para os irm\u00e3os. Em vez das bases pag\u00e3s de medo e interesse, materializadas em trocas, oferendas, sacrif\u00edcios de apaziguamento e liturgias herm\u00e9ticas e obrigat\u00f3rias, ecoa pelos s\u00e9culos sua busca por intimidade conosco: &#8220;d\u00e1-me, filho meu, o teu cora\u00e7\u00e3o, e os teus olhos se agradem dos meus caminhos&#8221; (Pv 23:26).<\/p>\n<p style=\"text-align: justify;\">Mas o que dizer de suas leis e ordenan\u00e7as? Elas dir\u00e3o muito do seu car\u00e1ter. S\u00e3o muito duras, complicadas, exigentes? Ou\u00e7amos Jesus resumi-las em apenas duas: &#8220;Amar\u00e1s o Senhor, teu Deus, de todo o teu cora\u00e7\u00e3o, de toda a tua alma e de todo o teu entendimento. O segundo, semelhante a este, \u00e9: Amar\u00e1s o teu pr\u00f3ximo como a ti mesmo&#8221; (Mt 22:37-39). A\u00ed est\u00e3o a lei e os profetas: uma fam\u00edlia constru\u00edda por, e ambientada em, &#8220;ternos afetos e miseric\u00f3rdias&#8221;. D\u00e1 para acreditar?! Sim, eu sei que d\u00e1. Mais que isso, \u00e9 mat\u00e9ria para a f\u00e9; \u00e9 influ\u00eancia para mudar quem sou.<\/p>\n<p style=\"text-align: justify;\">Sou encantado <em>com<\/em> esse Deus. Espero ser mais e mais encantado <em>pela<\/em> sua intimidade. De modo que meu car\u00e1ter mude, sob a influ\u00eancia de sua companhia.<\/p>\n","protected":false},"excerpt":{"rendered":"<p>Dize-me com que deus andas e dir-te-ei quem \u00e9s<\/p>\n","protected":false},"author":13,"featured_media":0,"comment_status":"open","ping_status":"open","sticky":false,"template":"","format":"standard","meta":{"footnotes":""},"categories":[116],"tags":[23795,23796,5444,23798,16018],"class_list":["post-1540","post","type-post","status-publish","format-standard","hentry","category-blog","tag-afetos","tag-bons-costumes","tag-deus","tag-encantado","tag-influencia"],"_links":{"self":[{"href":"https:\/\/ultimato.com.br\/sites\/amorese\/wp-json\/wp\/v2\/posts\/1540","targetHints":{"allow":["GET"]}}],"collection":[{"href":"https:\/\/ultimato.com.br\/sites\/amorese\/wp-json\/wp\/v2\/posts"}],"about":[{"href":"https:\/\/ultimato.com.br\/sites\/amorese\/wp-json\/wp\/v2\/types\/post"}],"author":[{"embeddable":true,"href":"https:\/\/ultimato.com.br\/sites\/amorese\/wp-json\/wp\/v2\/users\/13"}],"replies":[{"embeddable":true,"href":"https:\/\/ultimato.com.br\/sites\/amorese\/wp-json\/wp\/v2\/comments?post=1540"}],"version-history":[{"count":2,"href":"https:\/\/ultimato.com.br\/sites\/amorese\/wp-json\/wp\/v2\/posts\/1540\/revisions"}],"predecessor-version":[{"id":1543,"href":"https:\/\/ultimato.com.br\/sites\/amorese\/wp-json\/wp\/v2\/posts\/1540\/revisions\/1543"}],"wp:attachment":[{"href":"https:\/\/ultimato.com.br\/sites\/amorese\/wp-json\/wp\/v2\/media?parent=1540"}],"wp:term":[{"taxonomy":"category","embeddable":true,"href":"https:\/\/ultimato.com.br\/sites\/amorese\/wp-json\/wp\/v2\/categories?post=1540"},{"taxonomy":"post_tag","embeddable":true,"href":"https:\/\/ultimato.com.br\/sites\/amorese\/wp-json\/wp\/v2\/tags?post=1540"}],"curies":[{"name":"wp","href":"https:\/\/api.w.org\/{rel}","templated":true}]}}