{"id":1528,"date":"2016-01-21T10:13:55","date_gmt":"2016-01-21T13:13:55","guid":{"rendered":"http:\/\/ultimato.com.br\/sites\/amorese\/?p=1528"},"modified":"2016-01-21T10:13:55","modified_gmt":"2016-01-21T13:13:55","slug":"natal-o-dialogo-reinaugurado","status":"publish","type":"post","link":"https:\/\/ultimato.com.br\/sites\/amorese\/2016\/01\/21\/natal-o-dialogo-reinaugurado\/","title":{"rendered":"Natal: o di\u00e1logo reinaugurado"},"content":{"rendered":"<p>Come\u00e7amos a viver em clima de festa. As festas natalinas. Como ser\u00e1 a imagem da ceia deste ano? J\u00e1 n\u00e3o nos choca mais a cena da fam\u00edlia sentada \u00e0 mesa, de cabe\u00e7a baixa, em sil\u00eancio, com os rostos iluminados por smartphones. Alguns at\u00e9 brincam, sugerindo que aquelas pessoas est\u00e3o conversando umas com as outras de um modo novo. E que, nesse novo cen\u00e1rio, as crian\u00e7as e os idosos t\u00eam voz. Eles tamb\u00e9m \u201cpostam\u201d ideias e opini\u00f5es.<\/p>\n<div id=\"texto\">\n<p>Ent\u00e3o, a imag<img loading=\"lazy\" decoding=\"async\" class=\"\" src=\"http:\/\/www.ultimato.com.br\/image\/revistas\/ult_357\/ult_357_ponto_final.jpg\" alt=\"\" width=\"247\" height=\"460\" align=\"left\" \/>em que me vem, para o Natal de 2015, \u00e9 a de uma grande mesa, cheia de guloseimas, aromas inconfund\u00edveis, ambiente aconchegante; gente de todas as idades; embrulhos abertos, pap\u00e9is de presente espalhados pelo ch\u00e3o e crian\u00e7as felizes com seus brinquedos novos: smartphones ou tablets que lhes permitem participar, com os adultos, do rec\u00e9m-criado grupo familiar \u201cChristmas Talk\u201d<i>.<\/i><\/p>\n<p>Essa cena n\u00e3o tem som. Como se o \u00e1udio estivesse desligado. Mas n\u00e3o; \u00e9 que est\u00e3o de fato em sil\u00eancio total. Todos sentados, \u201cfestejando\u201d em seus aparelhos maravilhosos. Uns enviam \u201cselfies\u201d, outros compartilham imagens do pres\u00e9pio, da estrela, dos magos, do menino na manjedoura. E a dona da casa, a \u00fanica que levanta os olhos, est\u00e1 aflita porque a comida est\u00e1 esfriando.<\/p>\n<p>A crian\u00e7a que acaba de ganhar seu aparelho novo j\u00e1 usa linguagem avan\u00e7ada: \u201cCrc, vei, s mnn jsus ta snistr! Kkkkkkk\u201d (\u201c\u2018Caraca\u2019, \u2018v\u00e9i\u2019, seu menino Jesus est\u00e1 sinistro! Risos\u201d). Se ainda n\u00e3o entendeu, consulte seu filho ou neto.<\/p>\n<p>Por mais desconcertante que possa parecer essa cena e por mais que seja inquietante a realidade que ela retrata, penso, entretanto, que alguns elementos originais podem ser resgatados, caso haja espa\u00e7o para uma palavra \u201canal\u00f3gica\u201d. Talvez seja poss\u00edvel um momento em que algu\u00e9m se levante e diga alguma coisa, com o uso de seu aparelho fonador. Neste caso, o que se poderia dizer que conectasse aquele momento com o verdadeiro Natal? H\u00e1 algumas ideias.<\/p>\n<p>Est\u00e3o reunidos em torno de uma mesa. Tem gente, inclusive, que veio de longe. Est\u00e3o todos juntos, em torno de um aniversariante. S\u00f3 ele faz anos, nesse dia. Deve, portanto, ser considerado. Quem \u00e9? Quantos anos faz? Por que nos reunimos e celebramos, dando tanta import\u00e2ncia \u00e0 data?<\/p>\n<p>Considere-se a \u201cmesa posta\u201d, que aponta para um Pai que deseja reunir seus filhos para uma ceia em fam\u00edlia. E convida os que est\u00e3o perto e os que est\u00e3o longe para o banquete e para o di\u00e1logo. Uma festa que tem como ponto alto proximidade e entendimento. E assim celebra-se a fam\u00edlia. O mist\u00e9rio da fam\u00edlia de Deus, em Cristo.<\/p>\n<p>Se for oportuno, as ideias do afeto e da comunh\u00e3o devem ser trazidas. Mencione-se que esse Pai j\u00e1 havia \u201ctele-falado\u201d de muitas maneiras, anteriormente, maneiras mais \u201csinistras\u201d que um WhatsApp, mas que nestes \u00faltimos tempos optou por chegar perto, f\u00edsica e afetivamente (Hb 1.1-3). Porque o amor quer abra\u00e7ar, beijar, presentear, comer e beber junto.<\/p>\n<p>O amor quer saber como anda a vida \u2013 os estudos, o trabalho e o cora\u00e7\u00e3o \u2013 e se pode fazer alguma coisa para ajudar a resolver os problemas; quer orientar, quer carregar a carga, quer aliviar o sofrimento.<\/p>\n<p>\u00c0 medida que isso acontecer, aquele momento se tornar\u00e1 significativo e inesquec\u00edvel. Porque Deus estava, em Cristo, reunindo seus filhos para um delicioso banquete (Lc 13.29).<\/p>\n<\/div>\n<p>&#8212;&#8212;&#8212;&#8212;&#8212;&#8212;-<br \/>\n<a href=\"http:\/\/www.ultimato.com.br\/revista\/artigos\/357\/natal-o-dialogo-reinaugurado\">Ponto Final<\/a><\/p>\n","protected":false},"excerpt":{"rendered":"<p>A crian\u00e7a j\u00e1 usa linguagem avan\u00e7ada: \u201cCrc, vei, s mnn jsus ta snistr! Kkkkkkk\u201d Tradu\u00e7\u00e3o: \u201c\u2018Caraca\u2019, \u2018v\u00e9i\u2019, seu menino Jesus est\u00e1 sinistro! Risos\u201d. Se ainda n\u00e3o entendeu, consulte seu filho ou neto.<\/p>\n","protected":false},"author":13,"featured_media":0,"comment_status":"open","ping_status":"open","sticky":false,"template":"","format":"standard","meta":{"footnotes":""},"categories":[116,119],"tags":[23792,23789,82,23790,23791],"class_list":["post-1528","post","type-post","status-publish","format-standard","hentry","category-blog","category-na-ultimato","tag-banquete","tag-festas","tag-natal","tag-presentes","tag-significado"],"_links":{"self":[{"href":"https:\/\/ultimato.com.br\/sites\/amorese\/wp-json\/wp\/v2\/posts\/1528","targetHints":{"allow":["GET"]}}],"collection":[{"href":"https:\/\/ultimato.com.br\/sites\/amorese\/wp-json\/wp\/v2\/posts"}],"about":[{"href":"https:\/\/ultimato.com.br\/sites\/amorese\/wp-json\/wp\/v2\/types\/post"}],"author":[{"embeddable":true,"href":"https:\/\/ultimato.com.br\/sites\/amorese\/wp-json\/wp\/v2\/users\/13"}],"replies":[{"embeddable":true,"href":"https:\/\/ultimato.com.br\/sites\/amorese\/wp-json\/wp\/v2\/comments?post=1528"}],"version-history":[{"count":5,"href":"https:\/\/ultimato.com.br\/sites\/amorese\/wp-json\/wp\/v2\/posts\/1528\/revisions"}],"predecessor-version":[{"id":1538,"href":"https:\/\/ultimato.com.br\/sites\/amorese\/wp-json\/wp\/v2\/posts\/1528\/revisions\/1538"}],"wp:attachment":[{"href":"https:\/\/ultimato.com.br\/sites\/amorese\/wp-json\/wp\/v2\/media?parent=1528"}],"wp:term":[{"taxonomy":"category","embeddable":true,"href":"https:\/\/ultimato.com.br\/sites\/amorese\/wp-json\/wp\/v2\/categories?post=1528"},{"taxonomy":"post_tag","embeddable":true,"href":"https:\/\/ultimato.com.br\/sites\/amorese\/wp-json\/wp\/v2\/tags?post=1528"}],"curies":[{"name":"wp","href":"https:\/\/api.w.org\/{rel}","templated":true}]}}