{"id":151,"date":"2010-06-19T13:41:14","date_gmt":"2010-06-19T13:41:14","guid":{"rendered":"http:\/\/ultimato.com.br\/sites\/amorese\/?p=151"},"modified":"2010-08-26T13:42:23","modified_gmt":"2010-08-26T13:42:23","slug":"haja-luz","status":"publish","type":"post","link":"https:\/\/ultimato.com.br\/sites\/amorese\/2010\/06\/19\/haja-luz\/","title":{"rendered":"Haja luz!"},"content":{"rendered":"<div>\n<div>\n<p><a href=\"http:\/\/ultimato.com.br\/sites\/amorese\/files\/2010\/08\/Nuvens.jpg\"><img loading=\"lazy\" decoding=\"async\" class=\"alignleft size-full wp-image-152\" title=\"Nuvens\" src=\"http:\/\/ultimato.com.br\/sites\/amorese\/files\/2010\/08\/Nuvens.jpg\" alt=\"\" width=\"150\" height=\"200\" srcset=\"https:\/\/ultimato.com.br\/sites\/amorese\/files\/2010\/08\/Nuvens.jpg 150w, https:\/\/ultimato.com.br\/sites\/amorese\/files\/2010\/08\/Nuvens-112x150.jpg 112w\" sizes=\"auto, (max-width: 150px) 100vw, 150px\" \/><\/a>Luz! Eis meu anelo para 2007. Pedirei a Deus os recome\u00e7os; as g\u00eaneses descritas em G\u00eanesis 1, Jo\u00e3o 1 e Hebreus 1.<\/p>\n<p>No princ\u00edpio, era o Verbo,  que irradiava exist\u00eancia sobre a face do abismo. Bastava a manifesta\u00e7\u00e3o  da vontade criadora e ordenadora do Esp\u00edrito de Deus, que pairava sobre  as \u00e1guas: \u201cHaja!\u201d E o que antes fora trevas, terror e morte,  recompunha-se em luz e vida.<\/p>\n<p>E esse \u201cHaja!\u201d que estava  no princ\u00edpio e era Deus, era a luz e a vida dos homens. Sim, as vidas  dos homens tamb\u00e9m se tornaram sem forma e vazias, e houve trevas sobre  elas. A tal ponto que se imobilizaram em c\u00f3licas e luto; esvaziaram-se  em desorienta\u00e7\u00e3o, terror e l\u00e1grimas. Mas tamb\u00e9m sobre essas \u00e1guas  pairava o Esp\u00edrito de Deus. E com ele, a possibilidade de uma a\u00e7\u00e3o  restauradora de seu Verbo.<\/p>\n<p>No primeiro princ\u00edpio, ele  n\u00e3o pediu licen\u00e7a. Atuou sobre o caos e lhe deu ordem. E a cria\u00e7\u00e3o  retomou seu curso, at\u00e9 \u00e0 perfei\u00e7\u00e3o e descanso do s\u00e9timo dia. J\u00e1 no  segundo, ele veio para o que era seu, mas agora precisava ser recebido. O  Haja de Deus esperava convite para reorganizar as vidas em trevas.<\/p>\n<p>Minha pequena igreja tem  experimentado o caos de uma forma sem precedentes em sua hist\u00f3ria. Em um  m\u00eas e meio, sepultamos dois irm\u00e3os idosos, um jovem e uma crian\u00e7a.<\/p>\n<p>Quando preju\u00edzos, doen\u00e7as,  desemprego, acidentes, inc\u00eandios e outras perdas se sucedem como  enxurradas de tsunami, como na experi\u00eancia de J\u00f3, n\u00e3o nos d\u00e3o tempo de  recupera\u00e7\u00e3o. Ficamos confusos e perdidos. N\u00e3o sabemos como reagir aos  fatos ou como ordenar nossos sentimentos. N\u00e3o conseguimos \u201cjuntar os  cacos\u201d, rapidamente. N\u00e3o \u00e9 dif\u00edcil prever que Deus ser\u00e1 inclu\u00eddo em  nossa perplexidade, com questionamentos que, em muito, extrapolar\u00e3o  nossa capacidade de compreender as respostas.<\/p>\n<p>Mais que a alma enlutada,  nossa vida sai do eixo. As atividades cotidianas j\u00e1 n\u00e3o s\u00e3o executadas  com a mesma facilidade; o sol j\u00e1 n\u00e3o brilha com a mesma intensidade; as  noites se tornam espessamente escuras; sentimo-nos estrangeiros em nossa  pr\u00f3pria cidade, em nosso local de trabalho. Amigos e parentes nos  parecem falar por tr\u00e1s de uma parede de vidro. Seu abra\u00e7o \u00e9  exageradamente mais forte. Tristemente mais forte. E n\u00e3o nos importamos.  Compreendemos e retribu\u00edmos, como se tamb\u00e9m quis\u00e9ssemos dizer o que n\u00e3o  \u00e9 dito. Sentimo-nos invadidos por caos e solid\u00e3o; o que se passa dentro  de n\u00f3s \u00e9 incomunic\u00e1vel. Nem mesmo um grito de socorro encontra  palavras, pois esse clamor se expressa por sil\u00eancios. Fecha-se em copas:  o que tinha de ser, j\u00e1 foi.<\/p>\n<p>Na realidade, nossa alma  n\u00e3o encontra palavras para dizer que \u201ca vida se tornou sem forma e  vazia; que houve trevas sobre a face do abismo\u201d.<\/p>\n<p>Em momentos assim, importa  trazer \u00e0 lembran\u00e7a que \u201ca luz resplandece nas trevas, e as trevas n\u00e3o  prevaleceram contra ela\u201d (Jo. 1:5). Se perda, morte e trevas bateram \u00e0  nossa porta, vale lembrar que a vida ainda est\u00e1 nele, e a vida \u00e9 a luz  dos homens. Deus ainda pode ser convidado, das profundezas das \u00e1guas, a  vir e proferir seu \u201cHaja luz!<\/p>\n<p>O resultado dessa visita\u00e7\u00e3o do Verbo, todos sabemos: \u201c&#8230; e houve luz; e viu Deus que a luz era boa\u201d (Gn 1:3,4). Aleluia!<\/p>\n<p>Que esse poder ordenador do Verbo reorganize os cora\u00e7\u00f5es em minha igreja. E tamb\u00e9m o meu. Am\u00e9m.<\/p>\n<\/div>\n<\/div>\n","protected":false},"excerpt":{"rendered":"<p>Luz! Eis meu anelo para 2007. Pedirei a Deus os recome\u00e7os; as g\u00eaneses descritas em G\u00eanesis 1, Jo\u00e3o 1 e Hebreus 1.<br \/>\nNo princ\u00edpio, era o Verbo,  que irradiava exist\u00eancia sobre a face do abismo. Bastava a manifesta\u00e7\u00e3o  da vontade criadora e ordenadora do Esp\u00edrito de Deus, que pairava sobre  as \u00e1guas: \u201cHaja!\u201d [&#8230;]<\/p>\n","protected":false},"author":7,"featured_media":0,"comment_status":"open","ping_status":"open","sticky":false,"template":"","format":"standard","meta":{"footnotes":""},"categories":[116],"tags":[],"class_list":["post-151","post","type-post","status-publish","format-standard","hentry","category-blog"],"_links":{"self":[{"href":"https:\/\/ultimato.com.br\/sites\/amorese\/wp-json\/wp\/v2\/posts\/151","targetHints":{"allow":["GET"]}}],"collection":[{"href":"https:\/\/ultimato.com.br\/sites\/amorese\/wp-json\/wp\/v2\/posts"}],"about":[{"href":"https:\/\/ultimato.com.br\/sites\/amorese\/wp-json\/wp\/v2\/types\/post"}],"author":[{"embeddable":true,"href":"https:\/\/ultimato.com.br\/sites\/amorese\/wp-json\/wp\/v2\/users\/7"}],"replies":[{"embeddable":true,"href":"https:\/\/ultimato.com.br\/sites\/amorese\/wp-json\/wp\/v2\/comments?post=151"}],"version-history":[{"count":1,"href":"https:\/\/ultimato.com.br\/sites\/amorese\/wp-json\/wp\/v2\/posts\/151\/revisions"}],"predecessor-version":[{"id":153,"href":"https:\/\/ultimato.com.br\/sites\/amorese\/wp-json\/wp\/v2\/posts\/151\/revisions\/153"}],"wp:attachment":[{"href":"https:\/\/ultimato.com.br\/sites\/amorese\/wp-json\/wp\/v2\/media?parent=151"}],"wp:term":[{"taxonomy":"category","embeddable":true,"href":"https:\/\/ultimato.com.br\/sites\/amorese\/wp-json\/wp\/v2\/categories?post=151"},{"taxonomy":"post_tag","embeddable":true,"href":"https:\/\/ultimato.com.br\/sites\/amorese\/wp-json\/wp\/v2\/tags?post=151"}],"curies":[{"name":"wp","href":"https:\/\/api.w.org\/{rel}","templated":true}]}}