{"id":1488,"date":"2015-11-12T15:20:10","date_gmt":"2015-11-12T18:20:10","guid":{"rendered":"http:\/\/ultimato.com.br\/sites\/amorese\/?p=1488"},"modified":"2015-11-12T15:25:19","modified_gmt":"2015-11-12T18:25:19","slug":"a-verdade-que-nao-mata-e-a-luz-que-nao-ofusca","status":"publish","type":"post","link":"https:\/\/ultimato.com.br\/sites\/amorese\/2015\/11\/12\/a-verdade-que-nao-mata-e-a-luz-que-nao-ofusca\/","title":{"rendered":"A verdade que n\u00e3o mata e a luz que n\u00e3o ofusca"},"content":{"rendered":"<p><a href=\"http:\/\/ultimato.com.br\/sites\/amorese\/files\/2015\/11\/Ponto_final_354_OK.jpg\"><img loading=\"lazy\" decoding=\"async\" src=\"http:\/\/ultimato.com.br\/sites\/amorese\/files\/2015\/11\/Ponto_final_354_OK-300x200.jpg\" alt=\"Ponto_final_354_OK\" width=\"300\" height=\"200\" class=\"alignleft size-medium wp-image-1493\" srcset=\"https:\/\/ultimato.com.br\/sites\/amorese\/files\/2015\/11\/Ponto_final_354_OK-300x200.jpg 300w, https:\/\/ultimato.com.br\/sites\/amorese\/files\/2015\/11\/Ponto_final_354_OK-150x100.jpg 150w, https:\/\/ultimato.com.br\/sites\/amorese\/files\/2015\/11\/Ponto_final_354_OK.jpg 400w\" sizes=\"auto, (max-width: 300px) 100vw, 300px\" \/><\/a>\u201cMas, seguindo a verdade em amor, cres\u00e7amos em tudo naquele que \u00e9 a cabe\u00e7a, Cristo.\u201d (Ef 4.15)<\/p>\n<p>Como nossas rela\u00e7\u00f5es poderiam crescer e se edificar a ponto de se tornarem profundas, maduras, afetuosas, misericordiosas, verdadeiras, terap\u00eauticas e duradouras, como se espera que aconte\u00e7a numa fam\u00edlia ou na Igreja? Talvez a resposta esteja em uma\u00a0<strong>alian\u00e7a de amor<\/strong>, verbalizada e celebrada entre mim e o Pai, e com seus filhos, meus irm\u00e3os. Eventualmente essa celebra\u00e7\u00e3o seria um conte\u00fado a ser lembrado na Santa Ceia.<\/p>\n<p>A\u00a0<strong>verdade<\/strong>, nesse contexto, seria buscada \u201cem amor\u201d. Ela seria alcan\u00e7ada na conviv\u00eancia, sempre sob o pressuposto de que amamos e somos amados; de que estamos seguros, pois somos amigos e irm\u00e3os; de que a retirada de m\u00e1scaras e v\u00e9us \u00e9 poss\u00edvel e necess\u00e1ria, e de que a luz dessa verdade n\u00e3o vir\u00e1 para julgar e condenar, mas para reconciliar e salvar.<\/p>\n<p>O\u00a0<strong>amor<\/strong>, por seu turno, n\u00e3o seria omisso, t\u00edmido, medroso ou negligente. N\u00e3o, ele seria s\u00e1bio e paciente, mas tamb\u00e9m forte, destemido e verdadeiro. N\u00e3o \u201cpassaria a m\u00e3o na cabe\u00e7a\u201d do engano e do erro. Haveria espa\u00e7o para a exorta\u00e7\u00e3o, a corre\u00e7\u00e3o e a admoesta\u00e7\u00e3o. Para a verdade. Mas aconteceria, tamb\u00e9m, dentro do mesmo pacto de amor. Ele n\u00e3o deixaria que a \u201carticula\u00e7\u00e3o\u201d adoecesse por timidez, por medo da verdade, por receio de perder o irm\u00e3o. N\u00e3o, ele abriria m\u00e3o do conforto e encarnaria para salvar &#8212; e tamb\u00e9m para salvar-se. Sim, salvar-se.<\/p>\n<p>Como pode ser isto? &#8212; perguntar\u00e1 voc\u00ea. \u00c9 poss\u00edvel, nos dias de hoje &#8212; em que guardamos dist\u00e2ncia segura at\u00e9 do c\u00f4njuge, para n\u00e3o ferirmos e n\u00e3o sermos feridos &#8211;, celebrar uma alian\u00e7a desse tipo? \u00c9 poss\u00edvel, em tempos de indiferen\u00e7a, construir e viver uma proximidade t\u00e3o perigosa? Ser\u00e1 que minhas atuais amizades sobreviveriam se soubessem quem realmente sou, ou se eu come\u00e7asse a lhes propor a verdade, ainda que afetuosamente? Ser\u00e1 que, iluminadas as nossas rela\u00e7\u00f5es, nossa igreja sobreviveria?<\/p>\n<p>Perguntas dif\u00edceis. Minha resposta \u00e9 a de quem cr\u00ea, juntamente com o Credo dos Ap\u00f3stolos, na \u201ccomunh\u00e3o dos santos\u201d. De quem cr\u00ea na nova alian\u00e7a, no poder da ora\u00e7\u00e3o, no corpo de Cristo. Porque se n\u00e3o for assim e se, como igreja, abrirmos m\u00e3o desse ideal, o que nos restar\u00e1? Trago para reflex\u00e3o o texto de 1 Jo\u00e3o 1.5-7: \u201cOra, a mensagem que, da parte dele, temos ouvido e vos anunciamos \u00e9 esta: que Deus \u00e9 luz, e n\u00e3o h\u00e1 nele treva nenhuma. Se dissermos que mantemos comunh\u00e3o com ele e andarmos nas trevas, mentimos e n\u00e3o praticamos a verdade. Se, por\u00e9m, andarmos na luz, como ele est\u00e1 na luz, mantemos comunh\u00e3o uns com os outros, e o sangue de Jesus, seu Filho, nos purifica de todo pecado\u201d.<\/p>\n<p>Entendo que a harmoniza\u00e7\u00e3o do texto de Ef\u00e9sios 4.15-16 com o de 1 Jo\u00e3o 1.5-7 nos levar\u00e1 a compreender que o cuidado com as juntas, \u00e0s quais Paulo se refere, passa por um tipo de relacionamento que s\u00f3 \u00e9 poss\u00edvel em um ambiente muito iluminado. Para andarmos na luz da verdade, precisamos manter comunh\u00e3o com Deus e com os irm\u00e3os.<\/p>\n<p>Eis o desafio: celebrar uma alian\u00e7a de amor, em que a timidez e o medo s\u00e3o lan\u00e7ados fora, e a luz da verdade \u00e9 trazida, amorosamente, para as juntas e articula\u00e7\u00f5es do corpo de Cristo; desafio que s\u00f3 poder\u00e1 ser enfrentado no poder de Deus, derramado em nossos cora\u00e7\u00f5es.<\/p>\n<p>_____________________<br \/>\n<a href=\"http:\/\/www.ultimato.com.br\/revista\/artigos\/354\/a-verdade-que-nao-mata-e-a-luz-que-nao-ofusca\">Vers\u00e3o Original.<\/a><\/p>\n","protected":false},"excerpt":{"rendered":"<p>Para andarmos na luz da verdade, precisamos manter comunh\u00e3o com Deus e com os irm\u00e3os. Em qualquer corpo, o cuidado com as juntas e articula\u00e7\u00f5es \u00e9 muito importante (Ef 4.15-16).<\/p>\n","protected":false},"author":13,"featured_media":0,"comment_status":"open","ping_status":"open","sticky":false,"template":"","format":"standard","meta":{"footnotes":""},"categories":[116,119],"tags":[23758,90,23754,23752,9887,9508],"class_list":["post-1488","post","type-post","status-publish","format-standard","hentry","category-blog","category-na-ultimato","tag-alianca-de-amor","tag-comunhao","tag-corpo-de-cristo","tag-juntas","tag-luz","tag-verdade"],"_links":{"self":[{"href":"https:\/\/ultimato.com.br\/sites\/amorese\/wp-json\/wp\/v2\/posts\/1488","targetHints":{"allow":["GET"]}}],"collection":[{"href":"https:\/\/ultimato.com.br\/sites\/amorese\/wp-json\/wp\/v2\/posts"}],"about":[{"href":"https:\/\/ultimato.com.br\/sites\/amorese\/wp-json\/wp\/v2\/types\/post"}],"author":[{"embeddable":true,"href":"https:\/\/ultimato.com.br\/sites\/amorese\/wp-json\/wp\/v2\/users\/13"}],"replies":[{"embeddable":true,"href":"https:\/\/ultimato.com.br\/sites\/amorese\/wp-json\/wp\/v2\/comments?post=1488"}],"version-history":[{"count":8,"href":"https:\/\/ultimato.com.br\/sites\/amorese\/wp-json\/wp\/v2\/posts\/1488\/revisions"}],"predecessor-version":[{"id":1497,"href":"https:\/\/ultimato.com.br\/sites\/amorese\/wp-json\/wp\/v2\/posts\/1488\/revisions\/1497"}],"wp:attachment":[{"href":"https:\/\/ultimato.com.br\/sites\/amorese\/wp-json\/wp\/v2\/media?parent=1488"}],"wp:term":[{"taxonomy":"category","embeddable":true,"href":"https:\/\/ultimato.com.br\/sites\/amorese\/wp-json\/wp\/v2\/categories?post=1488"},{"taxonomy":"post_tag","embeddable":true,"href":"https:\/\/ultimato.com.br\/sites\/amorese\/wp-json\/wp\/v2\/tags?post=1488"}],"curies":[{"name":"wp","href":"https:\/\/api.w.org\/{rel}","templated":true}]}}