{"id":1453,"date":"2015-04-24T11:04:19","date_gmt":"2015-04-24T14:04:19","guid":{"rendered":"http:\/\/ultimato.com.br\/sites\/amorese\/?p=1453"},"modified":"2015-04-24T11:04:19","modified_gmt":"2015-04-24T14:04:19","slug":"2015-o-primeiro-ano-do-resto-da-sua-vida","status":"publish","type":"post","link":"https:\/\/ultimato.com.br\/sites\/amorese\/2015\/04\/24\/2015-o-primeiro-ano-do-resto-da-sua-vida\/","title":{"rendered":"2015 \u2013 o primeiro ano do resto da sua vida"},"content":{"rendered":"<div id=\"texto\">\n<p><img loading=\"lazy\" decoding=\"async\" class=\"imagemdireita\" src=\"http:\/\/www.ultimato.com.br\/image\/revistas\/ult_352\/Ponto-final.jpg\" alt=\"\" width=\"333\" height=\"222\" align=\"right\" border=\"0\" \/>O que voc\u00ea faria se recebesse uma heran\u00e7a? Rec\u00e9m-aposentado, tenho pensado sobre como viver melhor os anos que me restam. E o que quer que eu decida, gostaria de come\u00e7ar em janeiro de 2015.O que tenho em comum com o herdeiro? Acho que, entre muitas coisas, ambos n\u00e3o precisamos mais ter um patr\u00e3o nem obriga\u00e7\u00f5es de trabalho. Poder\u00edamos acrescentar que, se quisermos, podemos reduzir os compromissos, as metas de produtividade, as avalia\u00e7\u00f5es de rendimento e coisas assim. Ou seja, podemos, agora, seja como herdeiros, seja como benefici\u00e1rios do INSS, viver a vida que quisermos.Um primeiro pensamento: quanto mais cedo isso acontecer, melhor. No meu caso, a sa\u00fade reduzir\u00e1 as op\u00e7\u00f5es. Alpinismo e MMA j\u00e1 n\u00e3o posso incluir entre meus projetos. N\u00e3o ser\u00e1 poss\u00edvel nem me transformar num maratonista da terceira idade. Coluna. Mas se eu tivesse herdado uma aposentadoria aos 30 anos&#8230;<\/p>\n<p>Mesmo assim, \u201cviver a vida que eu quiser\u201d n\u00e3o \u00e9, ainda, a resposta. Surge a pergunta: que vida? Como seria o seu 2015 se voc\u00ea acordasse com uma razo\u00e1vel renda mensal no dia 1\u00ba de janeiro? Largaria o seu emprego? Viajaria pelo mundo? Compraria uma casa na praia, com quartos para toda a fam\u00edlia? Ou doaria tudo para miss\u00f5es, com medo do que esse dinheiro poderia fazer com a sua cabe\u00e7a? Voc\u00ea seria, finalmente, feliz? Ou, pelo menos, mais feliz?<\/p>\n<p>Se voc\u00ea disser que nada mudaria; que gosta do seu trabalho, porque ele lhe traz significado de vida e realiza\u00e7\u00e3o; que poder\u00e1 continuar nele at\u00e9 o fim da vida, sem precisar se aposentar; que o dinheiro s\u00f3 melhoraria o conforto da vida; eu diria que voc\u00ea \u00e9, de fato, feliz. Conhe\u00e7o artistas, profissionais liberais, pastores e empres\u00e1rios com esse perfil. Com a idade, v\u00e3o reduzindo a carga e a agenda, mas terminam como Oscar Niemeyer: tendo um brilho de anima\u00e7\u00e3o no olhar, aos 104 anos.<\/p>\n<p>Conhe\u00e7o gente que gosta de viajar. E viaja muito, sem se cansar. Bem, para esses, o projeto \u00e9 sustent\u00e1vel. Outros, depois de alguns meses, se cansaram. Era uma ilus\u00e3o. Conhe\u00e7o gente que comprou uma casinha na praia. Longe do mundo e do mal. E, passado um ano, voltou, contabilizando preju\u00edzos e desilus\u00e3o.<\/p>\n<p>Enfim, n\u00e3o d\u00e1 para estabelecer regras. Entretanto, deixar para pensar sobre isso apenas quando a idade chegar pode ser pior; eis a raz\u00e3o pela qual proponho a imagem da heran\u00e7a. Serve para qualquer um \u2013 agora.<\/p>\n<p>Transformo minhas pesquisas, at\u00e9 aqui, em recomenda\u00e7\u00f5es. Ainda gen\u00e9ricas, mas que t\u00eam guiado meus projetos para este ano.<\/p>\n<p>Se ainda estiver trabalhando, pense em uma carreira paralela; agora sem patr\u00e3o e sem sal\u00e1rio.<\/p>\n<p>Pense em algo que voc\u00ea goste de fazer. Melhor, que voc\u00ea faria por amor. Ou por amar. Ou seja, n\u00e3o diretamente para ganhar dinheiro, prest\u00edgio, ou coisa assim. Talvez para ganhar afeto ou novas amizades.<\/p>\n<p>Pense em algo que beneficie, que aben\u00e7oe pessoas. Individualmente ou em grupo. Algo que voc\u00ea doe a elas. Sem esperar retorno. Sem que elas possam lhe pagar.<br \/>\nPense em algo que promova a uni\u00e3o entre todos, por la\u00e7os afetivos, incluindo voc\u00ea. E que essa uni\u00e3o seja gostosa e esperan\u00e7osa.<\/p>\n<p>Finalmente, que tudo isso seja gostoso e perfumado. Que essa carreira ou atividade tenha gosto de p\u00e3o e de vinho; e que seu cheiro seja do bom perfume de Cristo.<\/p>\n<p>______________________________<\/p>\n<p><a href=\"http:\/\/www.ultimato.com.br\/revista\/artigos\/352\/2015-o-primeiro-ano-do-resto-da-sua-vida\">Texto original<\/a><\/p>\n<\/div>\n","protected":false},"excerpt":{"rendered":"<p>Podemos, agora, seja como herdeiros, seja como benefici\u00e1rios do INSS, viver a vida que quisermos.<\/p>\n","protected":false},"author":13,"featured_media":0,"comment_status":"open","ping_status":"open","sticky":false,"template":"","format":"standard","meta":{"footnotes":""},"categories":[116,119],"tags":[],"class_list":["post-1453","post","type-post","status-publish","format-standard","hentry","category-blog","category-na-ultimato"],"_links":{"self":[{"href":"https:\/\/ultimato.com.br\/sites\/amorese\/wp-json\/wp\/v2\/posts\/1453","targetHints":{"allow":["GET"]}}],"collection":[{"href":"https:\/\/ultimato.com.br\/sites\/amorese\/wp-json\/wp\/v2\/posts"}],"about":[{"href":"https:\/\/ultimato.com.br\/sites\/amorese\/wp-json\/wp\/v2\/types\/post"}],"author":[{"embeddable":true,"href":"https:\/\/ultimato.com.br\/sites\/amorese\/wp-json\/wp\/v2\/users\/13"}],"replies":[{"embeddable":true,"href":"https:\/\/ultimato.com.br\/sites\/amorese\/wp-json\/wp\/v2\/comments?post=1453"}],"version-history":[{"count":8,"href":"https:\/\/ultimato.com.br\/sites\/amorese\/wp-json\/wp\/v2\/posts\/1453\/revisions"}],"predecessor-version":[{"id":1461,"href":"https:\/\/ultimato.com.br\/sites\/amorese\/wp-json\/wp\/v2\/posts\/1453\/revisions\/1461"}],"wp:attachment":[{"href":"https:\/\/ultimato.com.br\/sites\/amorese\/wp-json\/wp\/v2\/media?parent=1453"}],"wp:term":[{"taxonomy":"category","embeddable":true,"href":"https:\/\/ultimato.com.br\/sites\/amorese\/wp-json\/wp\/v2\/categories?post=1453"},{"taxonomy":"post_tag","embeddable":true,"href":"https:\/\/ultimato.com.br\/sites\/amorese\/wp-json\/wp\/v2\/tags?post=1453"}],"curies":[{"name":"wp","href":"https:\/\/api.w.org\/{rel}","templated":true}]}}