{"id":1363,"date":"2014-02-17T10:42:21","date_gmt":"2014-02-17T13:42:21","guid":{"rendered":"http:\/\/ultimato.com.br\/sites\/amorese\/?p=1363"},"modified":"2014-02-17T10:42:21","modified_gmt":"2014-02-17T13:42:21","slug":"amados-de-deus","status":"publish","type":"post","link":"https:\/\/ultimato.com.br\/sites\/amorese\/2014\/02\/17\/amados-de-deus\/","title":{"rendered":"Amados de Deus"},"content":{"rendered":"<p style=\"text-align: justify;\"><a href=\"http:\/\/ultimato.com.br\/sites\/amorese\/files\/2014\/02\/Joia.gif\"><img loading=\"lazy\" decoding=\"async\" class=\"alignleft size-medium wp-image-1364\" alt=\"Joia\" src=\"http:\/\/ultimato.com.br\/sites\/amorese\/files\/2014\/02\/Joia-218x300.gif\" width=\"218\" height=\"300\" srcset=\"https:\/\/ultimato.com.br\/sites\/amorese\/files\/2014\/02\/Joia-218x300.gif 218w, https:\/\/ultimato.com.br\/sites\/amorese\/files\/2014\/02\/Joia-746x1024.gif 746w, https:\/\/ultimato.com.br\/sites\/amorese\/files\/2014\/02\/Joia-109x150.gif 109w\" sizes=\"auto, (max-width: 218px) 100vw, 218px\" \/><\/a>Encontrei recentemente um ex-aluno, assembleiano, que come\u00e7ou a conversa me agradecendo pela \u00faltima m\u00fasica postada no site da IPP e tamb\u00e9m por um artigo que lhe havia trazido muito consolo e conforto. O que me ressoa nos ouvidos, at\u00e9 agora, foram os termos que ele usou nessa conversa. Come\u00e7ou mais ou menos assim: &#8220;Meu amado! Var\u00e3o de Deus! Nosso Pai est\u00e1 muito feliz com sua vida e minist\u00e9rio, profeta-poeta do Senhor! Nunca desanime, pois voc\u00ea \u00e9 vaso tremendo nas m\u00e3os daquele que lhe concede tantos dons e talentos. E tem usado voc\u00ea para aben\u00e7oar tremendamente este pa\u00eds&#8230;&#8221; vou cortar o resto, pois voc\u00ea j\u00e1 entendeu o jeit\u00e3o.<\/p>\n<p style=\"text-align: justify;\">E eu disse, c\u00e1 com meus bot\u00f5es: &#8220;esses &#8216;pent\u00e9s&#8217; s\u00e3o exagerados! Cheguei a me sentir bem&#8221; (rs). Minha rea\u00e7\u00e3o, na hora, foi s\u00f3 de uma risada divertida, e a conversa seguiu: &#8220;Var\u00e3o de Deus, o que voc\u00ea tem pensado, ultimamente? Por que caminhos seu cora\u00e7\u00e3o tem andado?&#8221; E por a\u00ed foi.<\/p>\n<p style=\"text-align: justify;\">Passadas essas coisas, fiquei a pensar que, intimamente, <i>rejeitei<\/i> o cumprimento e, com ele, tamb\u00e9m o afeto e o abra\u00e7o que aquelas palavras continham. Talvez por n\u00e3o crer que pudessem ser palavras intencionais, ou mesmo pessoais. N\u00e3o que fossem fruto de falsidade, pois conhecia bem o car\u00e1ter irrepreens\u00edvel do irm\u00e3o, mas imaginei que pudesse ser um jeito aprendido de falar; coisa do meio eclesi\u00e1stico dele. Naquele \u00e1timo, pensei: &#8220;Ele deve falar assim com todo mundo. Portanto, n\u00e3o deve estar querendo <i>me<\/i> dizer o que disse&#8221;.<\/p>\n<p style=\"text-align: justify;\">Entretanto, ao mesmo tempo, algo l\u00e1 dentro me dizia que seria t\u00e3o bom se, de vez em quando, eu pudesse ouvir metade, um d\u00e9cimo, daquilo que ouvi, <i>sabendo<\/i> que era um modo usado por Deus para me dizer que ainda me amava; que, passado o tempo, eu continuava na lista daqueles que ele amou de tal maneira que deu o seu Filho. Talvez mais ainda: que nossa amizade estava intacta; que nossos encontros do quarto lhe eram agrad\u00e1veis e ansiados. E que ele ainda tinha prazer em me esclarecer as Escrituras, \u00e0 medida em que eu as lia. Ou seja, que eu n\u00e3o era querido apenas como &#8220;o mundo&#8221; que ele amou, mas como uma pessoa cujo nome, cuja vida, cujos defeitos, pecados e eventuais virtudes ele conhece intimamente.<\/p>\n<p style=\"text-align: justify;\">Que car\u00eancia! \u2014 dir\u00e1 voc\u00ea. Admito. Sou carente de Deus. Sou carente do seu amor. Anseio muito ouvir dele (ainda que indiretamente) algo assim: &#8220;voc\u00ea \u00e9 um filho amado, em quem tenho prazer&#8221;.<\/p>\n<p style=\"text-align: justify;\">Bem, o resultado dessas reflex\u00f5es, surgidas de um susto (um bom susto, por sinal), \u00e9 que conclu\u00ed que gostaria de ser como aquele irm\u00e3o; de estar entre aqueles que bendizem, validam, refor\u00e7am, animam, socorrem, confortam e encorajam \u2014 extravagantemente \u2014 em nome do Pai. Para al\u00e9m do anelo de ser visto e querido por ele, eu gostaria de aprender a aben\u00e7oar as pessoas com uma palavra boa (e verdadeira), no estilo assembleiano (est\u00e1 bem, est\u00e1 bem; mantenho meu jeit\u00e3o contido; afinal, nem todo &#8220;pent\u00e9&#8221; \u00e9 expansivo como aquele meu amigo). Mas gostaria de ter nos l\u00e1bios uma palavra pessoal, de incentivo, de afeto.<\/p>\n<p style=\"text-align: justify;\">Ali\u00e1s, j\u00e1 pensando em minhas pr\u00f3prias defesas e desconfian\u00e7as, elaboro um pouco meus anelos, pensando em uma palavra que seja fruto de observa\u00e7\u00e3o, de aten\u00e7\u00e3o, de quem tem olhos para o outro. Em especial, olhos para ver o que h\u00e1 de bom. De modo que, ouvindo-a, os irm\u00e3os se sentissem amados por mim e, principalmente, por Deus. Algo parecido com o que diz Jo\u00e3o a Gaio, em 3 Jo 1-6.<\/p>\n<blockquote><p>O presb\u00edtero ao amado Gaio, a quem eu amo na verdade. Amado, acima de tudo, fa\u00e7o votos por tua prosperidade e sa\u00fade, assim como \u00e9 pr\u00f3spera a tua alma.<b> <\/b>Pois fiquei sobremodo alegre pela vinda de irm\u00e3os e pelo seu testemunho da tua verdade, como tu andas na verdade. N\u00e3o tenho maior alegria do que esta, a de ouvir que meus filhos andam na verdade. Amado, procedes fielmente naquilo que praticas para com os irm\u00e3os, e isto fazes mesmo quando s\u00e3o estrangeiros&#8230;<\/p><\/blockquote>\n<p style=\"text-align: justify;\">\u00a0Veja como Jo\u00e3o afirma, confirma \u2014 chama de &#8220;amado&#8221; e, como se n\u00e3o bastasse, diz que o ama. Sobriamente, o presb\u00edtero elogia seu filho na f\u00e9 e fala de sua alegria em rela\u00e7\u00e3o &#8220;\u00e0 prosperidade de sua alma&#8221;; e n\u00e3o faz segredo do seu agrado em rela\u00e7\u00e3o ao bom testemunho que lhe chegou por terceiros. Bem, imagino o &#8220;g\u00e1s&#8221; que essas palavras deram ao Gaio.<\/p>\n<p style=\"text-align: justify;\">Relendo meus anelos, acima, chego apensar que estou abusando da boa vontade do Pai. Como se ele dissesse: &#8220;menos, meu filho; menos&#8221; (rsrs). Mas agora j\u00e1 disse, e fica. Quer fazer parte disso? Est\u00e1 feito o convite.<\/p>\n","protected":false},"excerpt":{"rendered":"<p>Gostaria de estar entre aqueles que bendizem, validam, refor\u00e7am, animam, socorrem, confortam e encorajam \u2014 extravagantemente \u2014 em nome do Pai.<\/p>\n","protected":false},"author":13,"featured_media":0,"comment_status":"open","ping_status":"open","sticky":false,"template":"","format":"standard","meta":{"footnotes":""},"categories":[116],"tags":[],"class_list":["post-1363","post","type-post","status-publish","format-standard","hentry","category-blog"],"_links":{"self":[{"href":"https:\/\/ultimato.com.br\/sites\/amorese\/wp-json\/wp\/v2\/posts\/1363","targetHints":{"allow":["GET"]}}],"collection":[{"href":"https:\/\/ultimato.com.br\/sites\/amorese\/wp-json\/wp\/v2\/posts"}],"about":[{"href":"https:\/\/ultimato.com.br\/sites\/amorese\/wp-json\/wp\/v2\/types\/post"}],"author":[{"embeddable":true,"href":"https:\/\/ultimato.com.br\/sites\/amorese\/wp-json\/wp\/v2\/users\/13"}],"replies":[{"embeddable":true,"href":"https:\/\/ultimato.com.br\/sites\/amorese\/wp-json\/wp\/v2\/comments?post=1363"}],"version-history":[{"count":1,"href":"https:\/\/ultimato.com.br\/sites\/amorese\/wp-json\/wp\/v2\/posts\/1363\/revisions"}],"predecessor-version":[{"id":1365,"href":"https:\/\/ultimato.com.br\/sites\/amorese\/wp-json\/wp\/v2\/posts\/1363\/revisions\/1365"}],"wp:attachment":[{"href":"https:\/\/ultimato.com.br\/sites\/amorese\/wp-json\/wp\/v2\/media?parent=1363"}],"wp:term":[{"taxonomy":"category","embeddable":true,"href":"https:\/\/ultimato.com.br\/sites\/amorese\/wp-json\/wp\/v2\/categories?post=1363"},{"taxonomy":"post_tag","embeddable":true,"href":"https:\/\/ultimato.com.br\/sites\/amorese\/wp-json\/wp\/v2\/tags?post=1363"}],"curies":[{"name":"wp","href":"https:\/\/api.w.org\/{rel}","templated":true}]}}