{"id":1346,"date":"2014-01-10T07:59:24","date_gmt":"2014-01-10T10:59:24","guid":{"rendered":"http:\/\/ultimato.com.br\/sites\/amorese\/?p=1346"},"modified":"2014-01-10T09:23:17","modified_gmt":"2014-01-10T12:23:17","slug":"creio-na-familia","status":"publish","type":"post","link":"https:\/\/ultimato.com.br\/sites\/amorese\/2014\/01\/10\/creio-na-familia\/","title":{"rendered":"Creio na Fam\u00edlia"},"content":{"rendered":"<p><a href=\"http:\/\/ultimato.com.br\/sites\/amorese\/files\/2014\/01\/ult344_31.jpg\"><img loading=\"lazy\" decoding=\"async\" class=\"alignleft size-medium wp-image-1348\" alt=\"ult344_31\" src=\"http:\/\/ultimato.com.br\/sites\/amorese\/files\/2014\/01\/ult344_31-300x242.jpg\" width=\"300\" height=\"242\" srcset=\"https:\/\/ultimato.com.br\/sites\/amorese\/files\/2014\/01\/ult344_31-300x242.jpg 300w, https:\/\/ultimato.com.br\/sites\/amorese\/files\/2014\/01\/ult344_31-150x121.jpg 150w, https:\/\/ultimato.com.br\/sites\/amorese\/files\/2014\/01\/ult344_31.jpg 742w\" sizes=\"auto, (max-width: 300px) 100vw, 300px\" \/><\/a><a href=\"http:\/\/ultimato.com.br\/sites\/amorese\/files\/2012\/01\/Captura-de-Tela-2012-01-06-\u00e0s-14.46.23.png\"><img loading=\"lazy\" decoding=\"async\" class=\"alignleft  wp-image-1094\" alt=\"Captura de Tela 2012-01-06 \u00e0s 14.46.23\" src=\"http:\/\/ultimato.com.br\/sites\/amorese\/files\/2012\/01\/Captura-de-Tela-2012-01-06-\u00e0s-14.46.23.png\" width=\"97\" height=\"74\" \/><\/a>ercebo entre os jovens que se casam hoje uma certa preocupa\u00e7\u00e3o em rela\u00e7\u00e3o aos filhos que vir\u00e3o. Muitos temem que as crian\u00e7as sofram a dor e as consequ\u00eancias da separa\u00e7\u00e3o de seus pais. Percebem que a chance de isso acontecer \u00e9 crescente.<\/p>\n<p>De fato, as <strong>Estat\u00edsticas do Registro Civil 2011<\/strong>, recentemente divulgadas pelo IBGE, dizem que 56,5% dos casais estar\u00e1 divorciada antes de completar 15 anos de uni\u00e3o.<\/p>\n<p>Parece que eles j\u00e1 perceberam, tamb\u00e9m, que isso est\u00e1 acontecendo cada vez mais cedo. Nas palavras do referido estudo do IBGE: &#8220;o grupo que mais chama a aten\u00e7\u00e3o \u00e9 o que esteve junto pelo per\u00edodo de 1 a 4 anos: na \u00faltima d\u00e9cada, o porcentual de div\u00f3rcios entre eles mais do que dobrou, passando de 8,5% em 2001 para 19% em 2011. Os que nem chegaram a completar um ano de casados, e que antes n\u00e3o constavam entre as dissolu\u00e7\u00f5es, agora j\u00e1 representam 1,8% do total.&#8221;<\/p>\n<p>Ou seja, em cada cinco casamentos, um n\u00e3o chegar\u00e1 ao quarto anivers\u00e1rio. E isso atinge os cora\u00e7\u00f5es dos pretendentes sinceros como uma fatalidade atemorizante. Acrescente-se que, com quatro anos de casados, a grande maioria j\u00e1 ter\u00e1 pelo menos um filho. Da\u00ed sua preocupa\u00e7\u00e3o. E mais: o n\u00famero de casamentos est\u00e1 crescendo. Sim, as pessoas est\u00e3o se casando de novo, depois da separa\u00e7\u00e3o.<\/p>\n<p>Na igreja, nota-se um certo conformismo. Afinal, as estat\u00edsticas n\u00e3o diferem muito entre crentes e n\u00e3o crentes. E o pastor deve pensar, com des\u00e2nimo: &#8220;fazer o qu\u00ea? Queira Deus que este casal seja uma exce\u00e7\u00e3o&#8221;.<\/p>\n<p>Esse conformismo n\u00e3o chega a alarmar os soci\u00f3logos do IBGE. Afinal, \u00e9 a vida. Mas a realidade retratada pelas estat\u00edsticas acaba por se transformar tamb\u00e9m em <i>causa<\/i> do &#8220;\u00edndice de mortalidade infantil&#8221; das fam\u00edlias crist\u00e3s.<\/p>\n<p>Explico: por um lado, a igreja, os pais e mesmo os pastores v\u00e3o se tornando misericordiosos em rela\u00e7\u00e3o \u00e0 fal\u00eancia dos casamentos dos mo\u00e7os da igreja. Esse ambiente acolhedor e compreensivo de algum modo facilita a decis\u00e3o de casar, mesmo que as coisas n\u00e3o estejam bem entre os dois, e os progn\u00f3sticos n\u00e3o sejam os melhores (quem ir\u00e1 julg\u00e1-los?). Pastores e pais se consolam, pensando que podem estar evitando um &#8220;mal maior&#8221;: adultos solteiros, vulner\u00e1veis ao modo secular de viver, para n\u00e3o falar em sexo.<\/p>\n<p>Alguns casais, mais temerosos, &#8220;fazem o que podem&#8221;: evitam filhos, para n\u00e3o ter de carregar essa culpa extra pela eventual fal\u00eancia de seu relacionamento. Essa atitude, extrema e triste, revela que n\u00e3o veem como enfrentar esse poder irresist\u00edvel que as estat\u00edsticas est\u00e3o revelando. Quem pode garantir que n\u00e3o seremos os pr\u00f3ximos?<\/p>\n<p>Nesse momento, me vem \u00e0 mente a confiss\u00e3o de f\u00e9 de Habacuque: \u201cAinda que a figueira n\u00e3o flores\u00e7a&#8230;&#8221; (3.17). N\u00e3o se preocupe, n\u00e3o vou &#8220;espiritualizar&#8221; levianamente a situa\u00e7\u00e3o. \u00c9 que continuo <i>crendo na fam\u00edlia<\/i>. Entendo que <i>fam\u00edlia \u00e9 mat\u00e9ria de f\u00e9<\/i>. Crer nela, \u00e9 crer que ela foi concebida por Deus; que \u00e9 parte do &#8220;mist\u00e9rio oculto aos antigos&#8221;. Crer nela \u00e9 crer que, por meio do Filho, o Pai a restaurou \u00e0 imagem e semelhan\u00e7a da Trindade. \u00c9 crer que em Pentecostes ele lhe concedeu poder para resistir ao mundo, e promete sustent\u00e1-la. Se t\u00e3o-somente, no seu seio, seu nome for invocado, em esp\u00edrito e em verdade.<\/p>\n<p>_____________________________<\/p>\n<p>Veja a publica\u00e7\u00e3o original <a href=\"http:\/\/www.ultimato.com.br\/revista\/artigos\/344\/creio-na-familia\">aqui<\/a><\/p>\n","protected":false},"excerpt":{"rendered":"<p>Se f\u00f4ssemos escrever uma nova confiss\u00e3o de f\u00e9, eu incluiria a fam\u00edlia. Precisamos crer nela, como cremos na &#8220;comunh\u00e3o dos santos&#8221;.<\/p>\n","protected":false},"author":13,"featured_media":0,"comment_status":"open","ping_status":"open","sticky":false,"template":"","format":"standard","meta":{"footnotes":""},"categories":[116,119],"tags":[],"class_list":["post-1346","post","type-post","status-publish","format-standard","hentry","category-blog","category-na-ultimato"],"_links":{"self":[{"href":"https:\/\/ultimato.com.br\/sites\/amorese\/wp-json\/wp\/v2\/posts\/1346","targetHints":{"allow":["GET"]}}],"collection":[{"href":"https:\/\/ultimato.com.br\/sites\/amorese\/wp-json\/wp\/v2\/posts"}],"about":[{"href":"https:\/\/ultimato.com.br\/sites\/amorese\/wp-json\/wp\/v2\/types\/post"}],"author":[{"embeddable":true,"href":"https:\/\/ultimato.com.br\/sites\/amorese\/wp-json\/wp\/v2\/users\/13"}],"replies":[{"embeddable":true,"href":"https:\/\/ultimato.com.br\/sites\/amorese\/wp-json\/wp\/v2\/comments?post=1346"}],"version-history":[{"count":6,"href":"https:\/\/ultimato.com.br\/sites\/amorese\/wp-json\/wp\/v2\/posts\/1346\/revisions"}],"predecessor-version":[{"id":1354,"href":"https:\/\/ultimato.com.br\/sites\/amorese\/wp-json\/wp\/v2\/posts\/1346\/revisions\/1354"}],"wp:attachment":[{"href":"https:\/\/ultimato.com.br\/sites\/amorese\/wp-json\/wp\/v2\/media?parent=1346"}],"wp:term":[{"taxonomy":"category","embeddable":true,"href":"https:\/\/ultimato.com.br\/sites\/amorese\/wp-json\/wp\/v2\/categories?post=1346"},{"taxonomy":"post_tag","embeddable":true,"href":"https:\/\/ultimato.com.br\/sites\/amorese\/wp-json\/wp\/v2\/tags?post=1346"}],"curies":[{"name":"wp","href":"https:\/\/api.w.org\/{rel}","templated":true}]}}