{"id":1318,"date":"2013-09-17T16:19:55","date_gmt":"2013-09-17T19:19:55","guid":{"rendered":"http:\/\/ultimato.com.br\/sites\/amorese\/?p=1318"},"modified":"2013-09-17T16:19:55","modified_gmt":"2013-09-17T19:19:55","slug":"a-hospitalidade-da-palavra","status":"publish","type":"post","link":"https:\/\/ultimato.com.br\/sites\/amorese\/2013\/09\/17\/a-hospitalidade-da-palavra\/","title":{"rendered":"A hospitalidade da palavra"},"content":{"rendered":"<p><a href=\"http:\/\/ultimato.com.br\/sites\/amorese\/files\/2013\/09\/ult_343_35.jpg\"><img loading=\"lazy\" decoding=\"async\" class=\"alignleft size-medium wp-image-1319\" alt=\"ult_343_35\" src=\"http:\/\/ultimato.com.br\/sites\/amorese\/files\/2013\/09\/ult_343_35-300x199.jpg\" width=\"300\" height=\"199\" srcset=\"https:\/\/ultimato.com.br\/sites\/amorese\/files\/2013\/09\/ult_343_35-300x199.jpg 300w, https:\/\/ultimato.com.br\/sites\/amorese\/files\/2013\/09\/ult_343_35-150x99.jpg 150w, https:\/\/ultimato.com.br\/sites\/amorese\/files\/2013\/09\/ult_343_35.jpg 503w\" sizes=\"auto, (max-width: 300px) 100vw, 300px\" \/><\/a><\/p>\n<p>Sou impressionado com o poder da palavra, em todas as suas formas e manifesta\u00e7\u00f5es. As ditas, as n\u00e3o ditas, as malditas e as benditas. Mas sei que n\u00e3o sou s\u00f3 eu. Afinal, tudo come\u00e7ou com ela e tudo terminar\u00e1 com ela; quando o \u201chaja\u201d se consumar em \u201chouve\u201d, e tudo for muito bom.<\/p>\n<p>A palavra cria e destr\u00f3i; orienta e engana. Por ela, o mundo em que vivemos, o mundo dos significados, \u00e9 constru\u00eddo pelos \u201cfalantes\u201d.<\/p>\n<p>Ao diferenciar um boi de um cavalo, Ad\u00e3o usava palavras para ordenar o seu \u2013 e o nosso \u2013 mundo. Tarefa que lhe foi incumbida pelo Criador. Ao \u201cnomear\u201d sua realidade, ele lhe atribu\u00eda \u201cnomos\u201d, ordem: \u201ccavalo n\u00e3o \u00e9 boi\u201d.<\/p>\n<p>Assim participou Ad\u00e3o como ajudante humano na cria\u00e7\u00e3o divina. Ambos proferindo palavras; ambos esculpindo o mundo simb\u00f3lico em que haver\u00edamos de habitar, com cinz\u00e9is verbais.<\/p>\n<p>\u00c9 assim que, pelo uso da palavra, ordenamos e reordenamos; recebemos e transmitimos nosso \u201cmundo\u201d. \u00c9 conversando que o colocamos em ordem; aprendendo, validando pensamentos, corrigindo enganos, entendendo o pr\u00f3prio cora\u00e7\u00e3o, entre tantas outras transforma\u00e7\u00f5es internas. E fazemos isso intensamente, a todo momento. A conversa serve, portanto, como uma b\u00fassola, a funcionar at\u00e9 enquanto dormimos.<\/p>\n<p>Praticamente, muitas vezes chegamos a uma roda de amigos precisando revisar, reestruturar ou construir alguma parte do nosso mundo. Precisamos ouvir opini\u00f5es, conselhos, informa\u00e7\u00f5es. Contudo, para que isso aconte\u00e7a, temos de falar, contar. E esse discurso se torna muitas vezes ca\u00f3tico, complicado, pois reflete nossa confus\u00e3o. Por\u00e9m o fazemos na esperan\u00e7a inconsciente de que nossos amigos nos ajudem com suas rea\u00e7\u00f5es. \u00c0s vezes, basta um sorriso e j\u00e1 vamos \u201crenomeando\u201d o nosso \u201cmundo\u201d. \u201cN\u00e3o \u00e9 cavalo, \u00e9 boi\u201d; \u201cnem tudo est\u00e1 \u201cperdido\u201d, h\u00e1 \u201cesperan\u00e7a\u201d\u201d.<\/p>\n<p><a href=\"http:\/\/ultimato.com.br\/sites\/amorese\/files\/2010\/10\/Semeador5.jpg\"><img loading=\"lazy\" decoding=\"async\" class=\"alignright size-full wp-image-530\" alt=\"Semeador\" src=\"http:\/\/ultimato.com.br\/sites\/amorese\/files\/2010\/10\/Semeador5.jpg\" width=\"200\" height=\"200\" srcset=\"https:\/\/ultimato.com.br\/sites\/amorese\/files\/2010\/10\/Semeador5.jpg 200w, https:\/\/ultimato.com.br\/sites\/amorese\/files\/2010\/10\/Semeador5-150x150.jpg 150w, https:\/\/ultimato.com.br\/sites\/amorese\/files\/2010\/10\/Semeador5-80x80.jpg 80w\" sizes=\"auto, (max-width: 200px) 100vw, 200px\" \/><\/a>Pois bem, chamamos de \u201cministros da palavra\u201d nossos pastores. Com efeito, eles prestam servi\u00e7o \u00e0 Igreja, ao pregar e ensinar. Entretanto, considerando que temos sede de verdadeiras palavras, exatamente por vivermos no mundo da informa\u00e7\u00e3o, proponho um minist\u00e9rio leigo \u00e0 Igreja: o \u201csacerd\u00f3cio universal da palavra\u201d. Explico: toda vez que se reunirem dois ou mais irm\u00e3os, acenda-se a luz amarela da palavra. Que se cuide dela como se cuida da ora\u00e7\u00e3o, da prega\u00e7\u00e3o ou do c\u00e2ntico. N\u00e3o se trata de formalizar as rodinhas, de abolir o riso, a alegria, o bom humor ou a espontaneidade; de transformar qualquer conversa em \u201cculto\u201d, no seu pior sentido, mas de \u201ctirar as sand\u00e1lias\u201d nesses momentos de conversa.<\/p>\n<p>Se, por um lado, \u00e9 desagrad\u00e1vel a pessoa que tudo \u201cespiritualiza\u201d, tamb\u00e9m se torna in\u00f3cuo o irm\u00e3o que se envergonha da imagem de crist\u00e3o. A sensibilidade e o Esp\u00edrito Santo h\u00e3o de ajudar-nos a transformar simples conversas em momentos agrad\u00e1veis e edificantes.<\/p>\n<p>O \u201cminist\u00e9rio da palavra\u201d envolve, em particular, o \u201couvir\u201d. Quer conhecer um crist\u00e3o poderoso em obras? Procure-o entre aqueles que se calam para, gentilmente, abrir \u201cespa\u00e7os de palavra\u201d aos demais. Mas que n\u00e3o nega a sua, quando \u201cfor boa para edifica\u00e7\u00e3o, conforme a necessidade\u201d (Ef 4.29). Chamemos a isso \u201chospitalidade da palavra\u201d.<\/p>\n<p>O testemunho que se dar\u00e1 desses ministros leigos \u00e9 que t\u00eam o dom do di\u00e1logo: \u201cSentimo-nos acolhidos. E por algu\u00e9m que se disp\u00f5e a compreender o que estamos tentando dizer\u201d.<\/p>\n<p>___________________________<\/p>\n<p>Ver <a href=\"http:\/\/www.ultimato.com.br\/revista\/artigos\/343\/a-hospitalidade-da-palavra\">original<\/a>.<\/p>\n","protected":false},"excerpt":{"rendered":"<p>Quer conhecer um crist\u00e3o poderoso em obras? Procure-o entre aqueles que se calam para, gentilmente, abrir \u201cespa\u00e7os de palavra\u201d aos demais. Mas que n\u00e3o nega a sua, quando \u201cfor boa para edifica\u00e7\u00e3o, conforme a necessidade\u201d (Ef 4.29). Chamemos a isso \u201chospitalidade da palavra\u201d.<\/p>\n","protected":false},"author":13,"featured_media":0,"comment_status":"open","ping_status":"open","sticky":false,"template":"","format":"standard","meta":{"footnotes":""},"categories":[116,119],"tags":[],"class_list":["post-1318","post","type-post","status-publish","format-standard","hentry","category-blog","category-na-ultimato"],"_links":{"self":[{"href":"https:\/\/ultimato.com.br\/sites\/amorese\/wp-json\/wp\/v2\/posts\/1318","targetHints":{"allow":["GET"]}}],"collection":[{"href":"https:\/\/ultimato.com.br\/sites\/amorese\/wp-json\/wp\/v2\/posts"}],"about":[{"href":"https:\/\/ultimato.com.br\/sites\/amorese\/wp-json\/wp\/v2\/types\/post"}],"author":[{"embeddable":true,"href":"https:\/\/ultimato.com.br\/sites\/amorese\/wp-json\/wp\/v2\/users\/13"}],"replies":[{"embeddable":true,"href":"https:\/\/ultimato.com.br\/sites\/amorese\/wp-json\/wp\/v2\/comments?post=1318"}],"version-history":[{"count":5,"href":"https:\/\/ultimato.com.br\/sites\/amorese\/wp-json\/wp\/v2\/posts\/1318\/revisions"}],"predecessor-version":[{"id":1325,"href":"https:\/\/ultimato.com.br\/sites\/amorese\/wp-json\/wp\/v2\/posts\/1318\/revisions\/1325"}],"wp:attachment":[{"href":"https:\/\/ultimato.com.br\/sites\/amorese\/wp-json\/wp\/v2\/media?parent=1318"}],"wp:term":[{"taxonomy":"category","embeddable":true,"href":"https:\/\/ultimato.com.br\/sites\/amorese\/wp-json\/wp\/v2\/categories?post=1318"},{"taxonomy":"post_tag","embeddable":true,"href":"https:\/\/ultimato.com.br\/sites\/amorese\/wp-json\/wp\/v2\/tags?post=1318"}],"curies":[{"name":"wp","href":"https:\/\/api.w.org\/{rel}","templated":true}]}}