{"id":1306,"date":"2013-07-15T13:46:16","date_gmt":"2013-07-15T16:46:16","guid":{"rendered":"http:\/\/ultimato.com.br\/sites\/amorese\/?p=1306"},"modified":"2013-07-15T13:46:16","modified_gmt":"2013-07-15T16:46:16","slug":"chorao-chorava-sozinho","status":"publish","type":"post","link":"https:\/\/ultimato.com.br\/sites\/amorese\/2013\/07\/15\/chorao-chorava-sozinho\/","title":{"rendered":"Chor\u00e3o chorava sozinho"},"content":{"rendered":"<p><a href=\"http:\/\/ultimato.com.br\/sites\/amorese\/files\/2011\/12\/Captura-de-Tela-2011-12-17-\u00e0s-13.19.15.png\"><img loading=\"lazy\" decoding=\"async\" class=\"alignleft  wp-image-1084\" alt=\"Captura de Tela 2011-12-17 \u00e0s 13.19.15\" src=\"http:\/\/ultimato.com.br\/sites\/amorese\/files\/2011\/12\/Captura-de-Tela-2011-12-17-\u00e0s-13.19.15.png\" width=\"85\" height=\"99\" \/><\/a>m 7 de mar\u00e7o de 2013, o \u201cblog da Concei\u00e7\u00e3o\u201d, no &#8220;Correio Braziliense&#8221;, inicia com o t\u00edtulo acima e as seguintes palavras:<\/p>\n<p>\u201c\u2018\u00c9 bom olhar pro lado e ver que n\u00e3o estou sozinho, que n\u00e3o estou sozinho, que n\u00e3o estou sozinho\u2019 \u2013 repetia Chor\u00e3o em \u2018Cedo ou tarde\u2019 (letra de Di Ferrero e Gee Rocha). Prima do cantor, S\u00f4nia Abr\u00e3o disse ontem, sob l\u00e1grimas, que o Charlie Brown Jr. reclamava de solid\u00e3o. Dizia que n\u00e3o adianta estar acompanhado da multid\u00e3o, durante os shows, porque depois ia pra casa sem ningu\u00e9m, pegava o avi\u00e3o sem companhia. Voltava a ser t\u00e3o-somente o filho de dona Nilda, o menino que vivia nas ruas.<\/p>\n<p>Uma vizinha contou ter ouvido gritos desesperados de um homem no dia anterior \u00e0 morte de Chor\u00e3o. O sangue perto do interruptor e do ar-condicionado avariado dizia que aquele ilhado esmurrava e sangrava ou sangrava e esmurrava, s\u00f3 ele poderia esclarecer a ordem dos \u00faltimos acontecimentos de sua vida.\u201d<\/p>\n<p>Esse triste coment\u00e1rio nos leva imediatamente a pensar na Igreja como resposta: \u201cmas no corpo de Cristo essa solid\u00e3o implac\u00e1vel foi vencida; n\u00e3o a servimos mais, como escravos, porque fomos chamados para a comunh\u00e3o\u201d.<\/p>\n<p>Entretanto, nos dias de hoje a palavra &#8220;igreja&#8221; lembra a ren\u00fancia do papa, com todas as especula\u00e7\u00f5es sobre seus reais motivos. Leonardo Boff sugere que Ratzinger se desencantou com a \u201csua igreja\u201d; que teria sido abatido pelos esc\u00e2ndalos sexuais, pelas divis\u00f5es internas e pelas vaidades. Percebeu a inefic\u00e1cia de sua teologia agostiniana, ao tentar estabelecer a sua \u201ccidade de Deus\u201d.<\/p>\n<p>\u201cAo fim e ao cabo, o insulamento de Chor\u00e3o \u00e9 o de todos n\u00f3s. Por suas circunst\u00e2ncias, ele cristalizava o desespero: cerveja, vinho, energ\u00e9tico, p\u00f3 branco, abandono, isolamento\u201d \u2013 diz a blogueira. Mas, em meu \u00edntimo, recuso-me a aceitar isso. Antes \u00e9 preciso se perguntar por que muitos chegaram a esse ponto; em seguida, devocionalmente, dizer: \u201cLevantar-me-ei e irei ter com meu pai\u201d; e partir para a a\u00e7\u00e3o, na expectativa das transforma\u00e7\u00f5es que Deus sempre opera.<\/p>\n<p>No caso em particular, penso que esse momento devocional nos levaria a constatar que estamos s\u00f3s porque temos evitado (ou afastado) os outros e fugido das dores da comunh\u00e3o, acomodados em nossa privacidade p\u00f3s-moderna. Por\u00e9m tamb\u00e9m nos levaria a lembrar que \u201cna casa de meu pai\u201d se vive em comunidade. E que transforma\u00e7\u00f5es positivas adviriam de um \u201clevantar-me-ei e irei ter com meu pai\u201d.<\/p>\n<p>A Igreja de Jesus tem sido provada em sua capacidade de permanecer sendo corpo. E seus membros, de permanecer crendo nela e usufruindo dela. Do papa que se retira aos milhares de \u201csem-igreja\u201d de hoje, muitos s\u00e3o \u201cgatos escaldados\u201d. N\u00e3o julgo seus motivos (nem mesmo os do severo Ratzinger); n\u00e3o sei o que passaram. Nem digo que \u201cdesta \u00e1gua n\u00e3o beberei\u201d. Longe de mim.<\/p>\n<p>Apenas ou\u00e7o o choro de Chor\u00e3o e o levo para meus momentos de ora\u00e7\u00e3o, como gritos prof\u00e9ticos; como palavra de Deus para mim, a dizer: \u201cA solid\u00e3o existe; ela \u00e9 real, \u00e9 mortal e est\u00e1 perto. N\u00e3o deixe o conv\u00edvio dos amigos, n\u00e3o abandone a fam\u00edlia, n\u00e3o se afaste da igreja\u201d. E diz a todos n\u00f3s: \u201cConstruam algo juntos, lutem juntos, sofram juntos, chorem juntos, orem juntos. E a solid\u00e3o n\u00e3o ter\u00e1 poder sobre voc\u00eas\u201d.<\/p>\n<p>____________________________<br \/>\n<a title=\"Chor\u00e3o chorava sozinho\" href=\"http:\/\/www.ultimato.com.br\/revista\/artigos\/342\/chorao-chorava-sozinho\">Texto original<\/a><\/p>\n","protected":false},"excerpt":{"rendered":"<p>A solid\u00e3o existe; ela \u00e9 real, \u00e9 mortal e est\u00e1 perto. N\u00e3o deixem o conv\u00edvio dos amigos, n\u00e3o abandonem a fam\u00edlia, n\u00e3o se afastem da igreja. Construam algo juntos, lutem juntos, sofram juntos, chorem juntos, orem juntos. E a solid\u00e3o n\u00e3o ter\u00e1 poder sobre voc\u00eas.<\/p>\n","protected":false},"author":13,"featured_media":0,"comment_status":"open","ping_status":"open","sticky":false,"template":"","format":"standard","meta":{"footnotes":""},"categories":[116],"tags":[],"class_list":["post-1306","post","type-post","status-publish","format-standard","hentry","category-blog"],"_links":{"self":[{"href":"https:\/\/ultimato.com.br\/sites\/amorese\/wp-json\/wp\/v2\/posts\/1306","targetHints":{"allow":["GET"]}}],"collection":[{"href":"https:\/\/ultimato.com.br\/sites\/amorese\/wp-json\/wp\/v2\/posts"}],"about":[{"href":"https:\/\/ultimato.com.br\/sites\/amorese\/wp-json\/wp\/v2\/types\/post"}],"author":[{"embeddable":true,"href":"https:\/\/ultimato.com.br\/sites\/amorese\/wp-json\/wp\/v2\/users\/13"}],"replies":[{"embeddable":true,"href":"https:\/\/ultimato.com.br\/sites\/amorese\/wp-json\/wp\/v2\/comments?post=1306"}],"version-history":[{"count":5,"href":"https:\/\/ultimato.com.br\/sites\/amorese\/wp-json\/wp\/v2\/posts\/1306\/revisions"}],"predecessor-version":[{"id":1311,"href":"https:\/\/ultimato.com.br\/sites\/amorese\/wp-json\/wp\/v2\/posts\/1306\/revisions\/1311"}],"wp:attachment":[{"href":"https:\/\/ultimato.com.br\/sites\/amorese\/wp-json\/wp\/v2\/media?parent=1306"}],"wp:term":[{"taxonomy":"category","embeddable":true,"href":"https:\/\/ultimato.com.br\/sites\/amorese\/wp-json\/wp\/v2\/categories?post=1306"},{"taxonomy":"post_tag","embeddable":true,"href":"https:\/\/ultimato.com.br\/sites\/amorese\/wp-json\/wp\/v2\/tags?post=1306"}],"curies":[{"name":"wp","href":"https:\/\/api.w.org\/{rel}","templated":true}]}}