{"id":1264,"date":"2013-05-13T14:57:32","date_gmt":"2013-05-13T17:57:32","guid":{"rendered":"http:\/\/ultimato.com.br\/sites\/amorese\/?p=1264"},"modified":"2013-05-13T14:57:32","modified_gmt":"2013-05-13T17:57:32","slug":"adoracao","status":"publish","type":"post","link":"https:\/\/ultimato.com.br\/sites\/amorese\/2013\/05\/13\/adoracao\/","title":{"rendered":"Adora\u00e7\u00e3o"},"content":{"rendered":"<div><span style=\"color: #000080;\">EIS UMA CAN\u00c7\u00c3O<\/span> de celebra\u00e7\u00e3o da segunda-feira. Na verdade, para ser cantada durante toda a semana; durante &#8220;os outros seis dias&#8221;. Essa celebra\u00e7\u00e3o da vida se transforma em um alegre &#8220;servi\u00e7o do cora\u00e7\u00e3o&#8221; que culminar\u00e1, um dia, com todos cantando juntos, com alegria e a\u00e7\u00e3o de gra\u00e7as, diante do trono. Como diria Davi, na &#8220;tua congrega\u00e7\u00e3o&#8221;.<\/div>\n<div><span style=\"color: #ffffff;\">.<\/span><\/div>\n<div><strong><span style=\"color: #0000ff;\"><a href=\"https:\/\/soundcloud.com\/rubem-amorese\/adoracao\"><img loading=\"lazy\" decoding=\"async\" class=\"alignleft  wp-image-1267\" alt=\"Music\" src=\"http:\/\/ultimato.com.br\/sites\/amorese\/files\/2013\/05\/Music-150x150.png\" width=\"90\" height=\"90\" srcset=\"https:\/\/ultimato.com.br\/sites\/amorese\/files\/2013\/05\/Music-150x150.png 150w, https:\/\/ultimato.com.br\/sites\/amorese\/files\/2013\/05\/Music-80x80.png 80w\" sizes=\"auto, (max-width: 90px) 100vw, 90px\" \/><\/a>\u00a0<a href=\"https:\/\/soundcloud.com\/rubem-amorese\/adoracao\">Adora\u00e7\u00e3o<\/a><\/span><\/strong><\/div>\n<div>Te adorarei, te adorarei<\/div>\n<div>Com todo o meu cora\u00e7\u00e3o;<\/div>\n<div>Com toda a sede do meu viver,<\/div>\n<div>Com todo o meu ser.<\/div>\n<div><span style=\"color: #ffffff;\">..<\/span><\/div>\n<div>Te adorarei, te adorarei<\/div>\n<div>Com todo o meu cora\u00e7\u00e3o;<\/div>\n<div>Com toda a minha raz\u00e3o e amor,<\/div>\n<div>Com todo o meu viver.<\/div>\n<div><span style=\"color: #ffffff;\">..<\/span><\/div>\n<div>Te servirei, te servirei<\/div>\n<div>Com todo o meu cora\u00e7\u00e3o;<\/div>\n<div>Com toda a for\u00e7a e paix\u00e3o, Senhor,<\/div>\n<div>Com todo o meu ser.<\/div>\n<div><span style=\"color: #ffffff;\">..<\/span><\/div>\n<div>Te servirei, te servirei<\/div>\n<div>Com todo o meu cora\u00e7\u00e3o;<\/div>\n<div>Com toda a minha dedica\u00e7\u00e3o,<\/div>\n<div>Com todo o meu viver.<\/div>\n<div><span style=\"color: #ffffff;\">..<\/span><\/div>\n<div>Recebe, \u00f3 Deus, recebe, \u00f3 Deus,<\/div>\n<div>Recebe o meu cora\u00e7\u00e3o;<\/div>\n<div>Aceita o gesto de adora\u00e7\u00e3o,<\/div>\n<div>Com todo o meu ser.<\/div>\n<div><span style=\"color: #ffffff;\">..<\/span><\/div>\n<div>Te adorarei, te servirei<\/div>\n<div>Na tua congrega\u00e7\u00e3o;<\/div>\n<div>Recebe, \u00f3 Deus, o meu cora\u00e7\u00e3o;<\/div>\n<div>Com todo o meu viver.<\/div>\n<div>Com todo o meu ser.<\/div>\n<div>Com todo o meu viver.<\/div>\n<div><span style=\"color: #ffffff;\">..<\/span><\/div>\n","protected":false},"excerpt":{"rendered":"<p>Eis uma can\u00e7\u00e3o de celebra\u00e7\u00e3o da segunda-feira. Na verdade, para ser cantada durante toda a semana.<\/p>\n","protected":false},"author":13,"featured_media":0,"comment_status":"open","ping_status":"open","sticky":false,"template":"","format":"standard","meta":{"footnotes":""},"categories":[4242],"tags":[],"class_list":["post-1264","post","type-post","status-publish","format-standard","hentry","category-musicas"],"_links":{"self":[{"href":"https:\/\/ultimato.com.br\/sites\/amorese\/wp-json\/wp\/v2\/posts\/1264","targetHints":{"allow":["GET"]}}],"collection":[{"href":"https:\/\/ultimato.com.br\/sites\/amorese\/wp-json\/wp\/v2\/posts"}],"about":[{"href":"https:\/\/ultimato.com.br\/sites\/amorese\/wp-json\/wp\/v2\/types\/post"}],"author":[{"embeddable":true,"href":"https:\/\/ultimato.com.br\/sites\/amorese\/wp-json\/wp\/v2\/users\/13"}],"replies":[{"embeddable":true,"href":"https:\/\/ultimato.com.br\/sites\/amorese\/wp-json\/wp\/v2\/comments?post=1264"}],"version-history":[{"count":8,"href":"https:\/\/ultimato.com.br\/sites\/amorese\/wp-json\/wp\/v2\/posts\/1264\/revisions"}],"predecessor-version":[{"id":1273,"href":"https:\/\/ultimato.com.br\/sites\/amorese\/wp-json\/wp\/v2\/posts\/1264\/revisions\/1273"}],"wp:attachment":[{"href":"https:\/\/ultimato.com.br\/sites\/amorese\/wp-json\/wp\/v2\/media?parent=1264"}],"wp:term":[{"taxonomy":"category","embeddable":true,"href":"https:\/\/ultimato.com.br\/sites\/amorese\/wp-json\/wp\/v2\/categories?post=1264"},{"taxonomy":"post_tag","embeddable":true,"href":"https:\/\/ultimato.com.br\/sites\/amorese\/wp-json\/wp\/v2\/tags?post=1264"}],"curies":[{"name":"wp","href":"https:\/\/api.w.org\/{rel}","templated":true}]}}