{"id":1242,"date":"2013-03-30T21:45:41","date_gmt":"2013-03-31T00:45:41","guid":{"rendered":"http:\/\/ultimato.com.br\/sites\/amorese\/?p=1242"},"modified":"2013-03-30T21:45:41","modified_gmt":"2013-03-31T00:45:41","slug":"%cf%87%cf%81%ce%b9%cf%83%cf%84%cf%8c%cf%82-%e1%bc%80%ce%bd%ce%ad%cf%83%cf%84%ce%b7","status":"publish","type":"post","link":"https:\/\/ultimato.com.br\/sites\/amorese\/2013\/03\/30\/%cf%87%cf%81%ce%b9%cf%83%cf%84%cf%8c%cf%82-%e1%bc%80%ce%bd%ce%ad%cf%83%cf%84%ce%b7\/","title":{"rendered":"\u03c7\u03c1\u03b9\u03c3\u03c4\u03cc\u03c2 \u1f00\u03bd\u03ad\u03c3\u03c4\u03b7"},"content":{"rendered":"<p><a href=\"http:\/\/ultimato.com.br\/sites\/amorese\/files\/2013\/03\/Vestigios-e-Fatos.jpg\"><img loading=\"lazy\" decoding=\"async\" class=\"alignleft size-medium wp-image-1246\" alt=\"Vestigios e Fatos\" src=\"http:\/\/ultimato.com.br\/sites\/amorese\/files\/2013\/03\/Vestigios-e-Fatos-300x160.jpg\" width=\"300\" height=\"160\" srcset=\"https:\/\/ultimato.com.br\/sites\/amorese\/files\/2013\/03\/Vestigios-e-Fatos-300x160.jpg 300w, https:\/\/ultimato.com.br\/sites\/amorese\/files\/2013\/03\/Vestigios-e-Fatos-150x80.jpg 150w, https:\/\/ultimato.com.br\/sites\/amorese\/files\/2013\/03\/Vestigios-e-Fatos.jpg 580w\" sizes=\"auto, (max-width: 300px) 100vw, 300px\" \/><\/a><i><\/i><\/p>\n<p>&nbsp;<\/p>\n<p><i>Cristos aneste<\/i> (\u03a7\u03c1\u03b9\u03c3\u03c4\u03cc\u03c2 \u1f00\u03bd\u03ad\u03c3\u03c4\u03b7)! <i>Aletos aneste<\/i> (\u1f08\u03bb\u03b7\u03b8\u1ff6\u03c2 \u1f00\u03bd\u03ad\u03c3\u03c4\u03b7)! Esta \u00e9 a tradicional sauda\u00e7\u00e3o pascal da Igreja Ortodoxa Grega: Cristo ressuscitou! Verdadeiramente ressuscitou!<\/p>\n<p>Imagino, a seguir, o di\u00e1rio de algu\u00e9m que tenha vivido aquele domingo.<\/p>\n<p>Hoje \u00e9 um dia de espanto e perplexidade em Jerusal\u00e9m. O domingo amanhece com os disc\u00edpulos em alegre disparada; Maria Madalena n\u00e3o se cont\u00e9m de felicidade; os guardas do t\u00famulo temem por suas vidas; autoridades judaicas de senho franzido; e um &#8220;zum-zum&#8221; correndo a cidade como rastilho de p\u00f3lvora: \u1f00\u03bd\u03ad\u03c3\u03c4\u03b7! \u1f00\u03bd\u03ad\u03c3\u03c4\u03b7! (Ele ressuscitou! Ele ressuscitou!). Ningu\u00e9m sabe muito bem o que fazer, aonde ir. Est\u00e3o todos at\u00f4nitos.<\/p>\n<p>Os disc\u00edpulos instintivamente v\u00e3o se procurando, batendo nas casas, acordando quem ainda est\u00e1 dormindo. Querem estar juntos, querem se encontrar; est\u00e1 faltando algu\u00e9m? Falam em voz baixa, sem saber por qu\u00ea.<\/p>\n<p>Maria, a m\u00e3e, na mesa da cozinha, sente a energia no ar. Percebe a agita\u00e7\u00e3o l\u00e1 fora e n\u00e3o consegue se levantar da cadeira, pois as pernas lhe faltam, e um sobressalto, associado a uma deliciosa vontade de gritar, a assalta. Ela cr\u00ea, mas n\u00e3o acredita! Ela quer estar junto com os outros, n\u00e3o sabe bem por qu\u00ea. Talvez, apenas como quem espera not\u00edcias. Afinal, se alguma coisa tiver de acontecer, ser\u00e1 hoje. Ele falou sobre isso. Aquelas alus\u00f5es ao terceiro dia, ao milagre de Jonas&#8230;<\/p>\n<p>Nesse momento, a porta da rua se abre, como se estivesse sendo arrombada. \u00c9 Maria Madalena que vinha correndo, abre a porta e para, com a m\u00e3o na ma\u00e7aneta, esperando a vista se acostumar com a luz interna e o f\u00f4lego voltar.<\/p>\n<p>O tempo tamb\u00e9m para. Os sons silenciam entre as duas que se olham. Ent\u00e3o Maria, a m\u00e3e, mesmo tendo a luz da rua por tr\u00e1s, distingue no olhar da outra Maria aquela certeza, aquela confirma\u00e7\u00e3o, aquele sorriso misturado com choro, que quer gritar, que quer pular, que n\u00e3o cabe l\u00e1 dentro. \u00c9 mistura de paz com turbilh\u00e3o; de serenidade com festa; de choro com dan\u00e7a.<\/p>\n<p>Maria, a m\u00e3e, cai de volta na cadeira, pois as pernas fraquejam novamente. De olhos fixos nos da Maria que chega, ela d\u00e1 um solu\u00e7o convulsivo, mas sem produzir nenhum som. As l\u00e1grimas que h\u00e1 muito haviam secado est\u00e3o de volta e em grande profus\u00e3o. Mas agora s\u00e3o outras l\u00e1grimas! E sem tirar os olhos dos olhos da amiga, Maria, a m\u00e3e, diz: \u2014 \u1f00\u03bd\u03ad\u03c3\u03c4\u03b7!<\/p>\n<p>Madalena entra de vez, como um vento sem som e, num redemoinho, se ajoelha e repousa a cabe\u00e7a no colo da Maria m\u00e3e. E choram e riem, as duas, em sil\u00eancio; cabe\u00e7as a mil; cora\u00e7\u00f5es descompassados. N\u00e3o sei por quanto tempo ficam ali, paradas. Quem se importa?<\/p>\n<p>&nbsp;<\/p>\n","protected":false},"excerpt":{"rendered":"<p>E sem tirar os olhos dos olhos da amiga, Maria, a m\u00e3e, diz: \u2014 \u1f00\u03bd\u03ad\u03c3\u03c4\u03b7! (ressuscitou!)<\/p>\n","protected":false},"author":13,"featured_media":0,"comment_status":"open","ping_status":"open","sticky":false,"template":"","format":"standard","meta":{"footnotes":""},"categories":[116],"tags":[],"class_list":["post-1242","post","type-post","status-publish","format-standard","hentry","category-blog"],"_links":{"self":[{"href":"https:\/\/ultimato.com.br\/sites\/amorese\/wp-json\/wp\/v2\/posts\/1242","targetHints":{"allow":["GET"]}}],"collection":[{"href":"https:\/\/ultimato.com.br\/sites\/amorese\/wp-json\/wp\/v2\/posts"}],"about":[{"href":"https:\/\/ultimato.com.br\/sites\/amorese\/wp-json\/wp\/v2\/types\/post"}],"author":[{"embeddable":true,"href":"https:\/\/ultimato.com.br\/sites\/amorese\/wp-json\/wp\/v2\/users\/13"}],"replies":[{"embeddable":true,"href":"https:\/\/ultimato.com.br\/sites\/amorese\/wp-json\/wp\/v2\/comments?post=1242"}],"version-history":[{"count":10,"href":"https:\/\/ultimato.com.br\/sites\/amorese\/wp-json\/wp\/v2\/posts\/1242\/revisions"}],"predecessor-version":[{"id":1263,"href":"https:\/\/ultimato.com.br\/sites\/amorese\/wp-json\/wp\/v2\/posts\/1242\/revisions\/1263"}],"wp:attachment":[{"href":"https:\/\/ultimato.com.br\/sites\/amorese\/wp-json\/wp\/v2\/media?parent=1242"}],"wp:term":[{"taxonomy":"category","embeddable":true,"href":"https:\/\/ultimato.com.br\/sites\/amorese\/wp-json\/wp\/v2\/categories?post=1242"},{"taxonomy":"post_tag","embeddable":true,"href":"https:\/\/ultimato.com.br\/sites\/amorese\/wp-json\/wp\/v2\/tags?post=1242"}],"curies":[{"name":"wp","href":"https:\/\/api.w.org\/{rel}","templated":true}]}}