{"id":1237,"date":"2013-03-13T09:31:55","date_gmt":"2013-03-13T12:31:55","guid":{"rendered":"http:\/\/ultimato.com.br\/sites\/amorese\/?p=1237"},"modified":"2013-03-13T09:31:55","modified_gmt":"2013-03-13T12:31:55","slug":"avpr1a","status":"publish","type":"post","link":"https:\/\/ultimato.com.br\/sites\/amorese\/2013\/03\/13\/avpr1a\/","title":{"rendered":"AVPR1A"},"content":{"rendered":"<p><strong>Estudo sugere que gen\u00e9tica influencie na percep\u00e7\u00e3o musica<\/strong>l \u2014 Este \u00e9 o t\u00edtulo de artigo publicado no G1 e tamb\u00e9m no Correio Braziliense, recentemente &lt;http:\/\/g1.globo.com\/ciencia-e-saude\/noticia\/2011\/02\/estudo-sugere-que-genetica-influencie-na-percepcao-musical.html&gt;.<\/p>\n<p>O di\u00e1rio de Bras\u00edlia relata um teste interessante: selecionaram centenas de g\u00eameos e os submeteram a um teste de audi\u00e7\u00e3o, que consistia em perceber uma nota desafinada em passagem musical. Enquanto no grupo de controle a percep\u00e7\u00e3o acontecia de acordo com uma certa m\u00e9dia, entre os g\u00eameos, essa percep\u00e7\u00e3o era consistentemente em duplas. Ou seja, entre os g\u00eameos, se um percebia o defeito musical, o outro tamb\u00e9m percebia, sendo o inverso tamb\u00e9m verdadeiro.<\/p>\n<p>Esse estudos sugerem uma base gen\u00e9tica para a habilidade musical. Falam, por exemplo, das fam\u00edlias de m\u00fasicos, onde, at\u00e9 h\u00e1 pouco, se pensava que essa habilidade fosse aprendida, heran\u00e7a. Mas agora tendem a explic\u00e1-la por outro \u00e2ngulo: um gene comum, o AVPR1A. N\u00e3o deu outra: entre os m\u00fasicos famosos se encontraram irm\u00e3os e irm\u00e3s n\u00e3o t\u00e3o famosos, mas igualmente fenomenais. Apenas ofuscados pelo g\u00eanio da fam\u00edlia.<\/p>\n<p><a href=\"http:\/\/ultimato.com.br\/sites\/amorese\/files\/2013\/03\/Captura-de-Tela-2013-03-13-\u00e0s-09.25.28-e1363177679547.png\"><img loading=\"lazy\" decoding=\"async\" class=\"alignleft size-medium wp-image-1238\" alt=\"Amusia\" src=\"http:\/\/ultimato.com.br\/sites\/amorese\/files\/2013\/03\/Captura-de-Tela-2013-03-13-\u00e0s-09.25.28-300x225.png\" width=\"300\" height=\"225\" \/><\/a><\/p>\n<p>&nbsp;<\/p>\n<p>O que achei interessante \u00e9 que os relatos de pesquisas em andamento d\u00e3o conta de que tal aptid\u00e3o, recebida geneticamente, est\u00e1 relacionada a uma \u00e1rea do c\u00e9rebro encarregada da comunica\u00e7\u00e3o social. E fico a pensar: teria Deus nos habilitado, geneticamente, \u00e0 adora\u00e7\u00e3o? Uma capacita\u00e7\u00e3o, t\u00e3o especial quanto misteriosa, de relacionamento entre criatura e Criador? Seria essa habilidade manifesta por meio de uma especial compet\u00eancia emocional, que permitisse a &#8220;comunica\u00e7\u00e3o do cora\u00e7\u00e3o&#8221;? Compet\u00eancia para perceber e reproduzir, ou mimetizar, como dizem os especialistas?<\/p>\n<p>N\u00e3o sabemos muito, ainda, sobre isso. Mas as perguntas j\u00e1 come\u00e7am a surgir. E Deus n\u00e3o tem ficado de fora desses questionamentos. Se chegaram a batizar\u00a0o b\u00f3son de Higgs\u00a0de &#8220;part\u00edcula de Deus&#8221;, n\u00e3o demorar\u00e1 muito para que algu\u00e9m sugira que o gene do receptor de vasopressina 1\u00aa (AVPR1A) seja o &#8220;canal do cora\u00e7\u00e3o&#8221; ou o &#8220;portal para Deus&#8221;.<\/p>\n","protected":false},"excerpt":{"rendered":"<p>Se chegaram a batizar o b\u00f3son de Higgs de &#8220;part\u00edcula de Deus&#8221;, n\u00e3o demorar\u00e1 muito para que algu\u00e9m sugira que o AVPR1A seja o &#8220;canal do cora\u00e7\u00e3o&#8221;.<\/p>\n","protected":false},"author":13,"featured_media":1238,"comment_status":"open","ping_status":"open","sticky":false,"template":"","format":"standard","meta":{"footnotes":""},"categories":[116],"tags":[],"class_list":["post-1237","post","type-post","status-publish","format-standard","has-post-thumbnail","hentry","category-blog"],"_links":{"self":[{"href":"https:\/\/ultimato.com.br\/sites\/amorese\/wp-json\/wp\/v2\/posts\/1237","targetHints":{"allow":["GET"]}}],"collection":[{"href":"https:\/\/ultimato.com.br\/sites\/amorese\/wp-json\/wp\/v2\/posts"}],"about":[{"href":"https:\/\/ultimato.com.br\/sites\/amorese\/wp-json\/wp\/v2\/types\/post"}],"author":[{"embeddable":true,"href":"https:\/\/ultimato.com.br\/sites\/amorese\/wp-json\/wp\/v2\/users\/13"}],"replies":[{"embeddable":true,"href":"https:\/\/ultimato.com.br\/sites\/amorese\/wp-json\/wp\/v2\/comments?post=1237"}],"version-history":[{"count":3,"href":"https:\/\/ultimato.com.br\/sites\/amorese\/wp-json\/wp\/v2\/posts\/1237\/revisions"}],"predecessor-version":[{"id":1241,"href":"https:\/\/ultimato.com.br\/sites\/amorese\/wp-json\/wp\/v2\/posts\/1237\/revisions\/1241"}],"wp:featuredmedia":[{"embeddable":true,"href":"https:\/\/ultimato.com.br\/sites\/amorese\/wp-json\/wp\/v2\/media\/1238"}],"wp:attachment":[{"href":"https:\/\/ultimato.com.br\/sites\/amorese\/wp-json\/wp\/v2\/media?parent=1237"}],"wp:term":[{"taxonomy":"category","embeddable":true,"href":"https:\/\/ultimato.com.br\/sites\/amorese\/wp-json\/wp\/v2\/categories?post=1237"},{"taxonomy":"post_tag","embeddable":true,"href":"https:\/\/ultimato.com.br\/sites\/amorese\/wp-json\/wp\/v2\/tags?post=1237"}],"curies":[{"name":"wp","href":"https:\/\/api.w.org\/{rel}","templated":true}]}}