{"id":1191,"date":"2012-12-08T10:04:51","date_gmt":"2012-12-08T13:04:51","guid":{"rendered":"http:\/\/ultimato.com.br\/sites\/amorese\/?p=1191"},"modified":"2012-12-08T10:04:51","modified_gmt":"2012-12-08T13:04:51","slug":"um-menino-os-guiara","status":"publish","type":"post","link":"https:\/\/ultimato.com.br\/sites\/amorese\/2012\/12\/08\/um-menino-os-guiara\/","title":{"rendered":"Um Menino os Guiar\u00e1"},"content":{"rendered":"<p><a href=\"http:\/\/ultimato.com.br\/sites\/amorese\/files\/2012\/12\/Crian\u00e7a.jpg\"><img loading=\"lazy\" decoding=\"async\" class=\"alignleft size-medium wp-image-1195\" title=\"Crian\u00e7a\" src=\"http:\/\/ultimato.com.br\/sites\/amorese\/files\/2012\/12\/Crian\u00e7a-225x300.jpg\" alt=\"\" width=\"225\" height=\"300\" srcset=\"https:\/\/ultimato.com.br\/sites\/amorese\/files\/2012\/12\/Crian\u00e7a-225x300.jpg 225w, https:\/\/ultimato.com.br\/sites\/amorese\/files\/2012\/12\/Crian\u00e7a-112x150.jpg 112w, https:\/\/ultimato.com.br\/sites\/amorese\/files\/2012\/12\/Crian\u00e7a.jpg 482w\" sizes=\"auto, (max-width: 225px) 100vw, 225px\" \/><\/a>Est\u00e1 chegando o Natal e come\u00e7aremos a ouvir, aqui e ali, que \u201cuma crian\u00e7a os guiar\u00e1\u201d, ou \u201cum menino os guiar\u00e1\u201d, citando vers\u00f5es de Isa\u00edas 11:6.<\/p>\n<p>Essa \u201cteologia da crian\u00e7a\u201d requer um sentido bem restrito: a crian\u00e7a como modelo de espiritualidade, apresentado por Jesus (Mt 18:1-6). Perfeito (n\u00e3o serei eu a criticar o Mestre). Mas proponho que tomemos cuidado para n\u00e3o fazermos uma leitura rom\u00e2ntica de Isa\u00edas. Por exemplo, ouvi algu\u00e9m dizer que seremos guiados e governados por uma crian\u00e7a. Fui cuidadoso e n\u00e3o perguntei: \u201ccomo assim?\u201d Mas fiquei sem saber o que a afirma\u00e7\u00e3o queria dizer.<\/p>\n<p>A crian\u00e7a que me vem \u00e0 mente cresceu, sofreu e morreu. E quando recebeu toda a autoridade, e o governo foi posto sobre seus ombros, j\u00e1 n\u00e3o era uma crian\u00e7a. (Algu\u00e9m poder\u00e1 complicar: \u201cqual \u00e9 a idade de um corpo glorificado?\u201d Ou ent\u00e3o: \u201ce aquela crian\u00e7a que existe dentro de n\u00f3s?\u201d. Bem, a\u00ed n\u00e3o sei).<\/p>\n<p>Mas quero contar uma coisa bem pessoal. Fui criado por um casal, meus pais.<\/p>\n<p>\u201cT\u00e1\u201d, dir\u00e1 voc\u00ea.<\/p>\n<p>O detalhe \u00e9 que meu pai tinha (e ainda tem) um cora\u00e7\u00e3o de crian\u00e7a e minha m\u00e3e era (e ainda \u00e9) uma adulta.<\/p>\n<p>Olhando para tr\u00e1s, vejo que minhas melhores recorda\u00e7\u00f5es adv\u00eam mais do meu conv\u00edvio com o &#8220;educador-crian\u00e7a&#8221; do que com o &#8220;educador-adulto&#8221;. Bem, pode ter a ver com o fato de que o &#8220;educador-crian\u00e7a&#8221; n\u00e3o \u00e9 disciplinador, repressivo, punitivo. Nem ao menos cr\u00edtico. No m\u00e1ximo, manipulador, num sentido bem ing\u00eanuo do termo. As crian\u00e7as s\u00e3o manipuladoras. Ent\u00e3o, ser \u201cguiado por uma crian\u00e7a\u201d foi o lado gostoso da minha forma\u00e7\u00e3o infantil e adolescente.<\/p>\n<p>Se voc\u00ea aceitar uma met\u00e1fora imperfeita, esse lado gostoso era como a sobremesa de uma nutritiva refei\u00e7\u00e3o (aquele prato cheio de legumes, verduras, soja, peixe, rabanetes, jil\u00f3s, quiabos e outras del\u00edcias detest\u00e1veis). O gostoso era outra coisa; era o doce que vinha como pr\u00eamio para quem rapou o prato.<\/p>\n<p>Fechando: n\u00e3o sei o que seria de mim se tivesse sido guiado <em>apenas<\/em> por um menino. Talvez estivesse comendo docinhos at\u00e9 hoje. Obeso e desnutrido. Uma met\u00e1fora para \u201cperdido na vida\u201d, como toda \u201ccrian\u00e7a entregue a si mesma\u201d. Talvez tivesse me mudado para a Terra do Nunca. E certamente hoje seria vergonha para minha m\u00e3e, como sugere o Pensador (Pv 29:15).<\/p>\n<p>Pense a\u00ed. Se decidir reagir \u2014 e eu puder escolher \u2014, prefiro cr\u00edticas pueris. \u00a0\ud83d\ude42<\/p>\n<p>&nbsp;<\/p>\n","protected":false},"excerpt":{"rendered":"<p>O lobo habitar\u00e1 com o cordeiro, e o leopardo se deitar\u00e1 junto ao cabrito; o bezerro, o le\u00e3o novo e o animal cevado andar\u00e3o juntos, e um pequenino os guiar\u00e1  \u2014 Isa\u00edas 11:6<\/p>\n","protected":false},"author":13,"featured_media":1195,"comment_status":"open","ping_status":"open","sticky":false,"template":"","format":"standard","meta":{"footnotes":""},"categories":[116],"tags":[],"class_list":["post-1191","post","type-post","status-publish","format-standard","has-post-thumbnail","hentry","category-blog"],"_links":{"self":[{"href":"https:\/\/ultimato.com.br\/sites\/amorese\/wp-json\/wp\/v2\/posts\/1191","targetHints":{"allow":["GET"]}}],"collection":[{"href":"https:\/\/ultimato.com.br\/sites\/amorese\/wp-json\/wp\/v2\/posts"}],"about":[{"href":"https:\/\/ultimato.com.br\/sites\/amorese\/wp-json\/wp\/v2\/types\/post"}],"author":[{"embeddable":true,"href":"https:\/\/ultimato.com.br\/sites\/amorese\/wp-json\/wp\/v2\/users\/13"}],"replies":[{"embeddable":true,"href":"https:\/\/ultimato.com.br\/sites\/amorese\/wp-json\/wp\/v2\/comments?post=1191"}],"version-history":[{"count":8,"href":"https:\/\/ultimato.com.br\/sites\/amorese\/wp-json\/wp\/v2\/posts\/1191\/revisions"}],"predecessor-version":[{"id":1201,"href":"https:\/\/ultimato.com.br\/sites\/amorese\/wp-json\/wp\/v2\/posts\/1191\/revisions\/1201"}],"wp:featuredmedia":[{"embeddable":true,"href":"https:\/\/ultimato.com.br\/sites\/amorese\/wp-json\/wp\/v2\/media\/1195"}],"wp:attachment":[{"href":"https:\/\/ultimato.com.br\/sites\/amorese\/wp-json\/wp\/v2\/media?parent=1191"}],"wp:term":[{"taxonomy":"category","embeddable":true,"href":"https:\/\/ultimato.com.br\/sites\/amorese\/wp-json\/wp\/v2\/categories?post=1191"},{"taxonomy":"post_tag","embeddable":true,"href":"https:\/\/ultimato.com.br\/sites\/amorese\/wp-json\/wp\/v2\/tags?post=1191"}],"curies":[{"name":"wp","href":"https:\/\/api.w.org\/{rel}","templated":true}]}}