{"id":1166,"date":"2012-07-21T10:42:38","date_gmt":"2012-07-21T13:42:38","guid":{"rendered":"http:\/\/ultimato.com.br\/sites\/amorese\/?p=1166"},"modified":"2013-01-23T14:45:04","modified_gmt":"2013-01-23T17:45:04","slug":"entrega","status":"publish","type":"post","link":"https:\/\/ultimato.com.br\/sites\/amorese\/2012\/07\/21\/entrega\/","title":{"rendered":"Entrega"},"content":{"rendered":"<div><a href=\"http:\/\/ultimato.com.br\/sites\/amorese\/files\/2012\/07\/Entrega.jpg\"><img loading=\"lazy\" decoding=\"async\" class=\"alignleft size-medium wp-image-1167\" title=\"Entrega\" src=\"http:\/\/ultimato.com.br\/sites\/amorese\/files\/2012\/07\/Entrega-300x225.jpg\" alt=\"\" width=\"300\" height=\"225\" srcset=\"https:\/\/ultimato.com.br\/sites\/amorese\/files\/2012\/07\/Entrega-300x225.jpg 300w, https:\/\/ultimato.com.br\/sites\/amorese\/files\/2012\/07\/Entrega-150x112.jpg 150w, https:\/\/ultimato.com.br\/sites\/amorese\/files\/2012\/07\/Entrega.jpg 400w\" sizes=\"auto, (max-width: 300px) 100vw, 300px\" \/><\/a><\/div>\n<div><\/div>\n<div>Deixe pra l\u00e1! Releve! Perdoe!<\/div>\n<div><\/div>\n<div>Tenho percebido que essas s\u00e3o palavras dif\u00edceis para algumas pessoas, e f\u00e1ceis para outras. E o que est\u00e1 por tr\u00e1s dessas atitudes me intriga.<\/div>\n<div><\/div>\n<div>Parece que algumas pessoas t\u00eam uma grande capacidade de \u201cdeixar pra l\u00e1\u201d, de relevar uma ofensa, de esquecer um agravo. \u00c9 como se n\u00e3o se apegassem \u00e0s coisas. Na hora da perda, n\u00e3o sofrem muito. Por\u00e9m, n\u00e3o lutam tanto pelo que acham importante. Sem luta, n\u00e3o h\u00e1 vit\u00f3ria.<\/div>\n<div><\/div>\n<div>Outras parecem incapazes de abrir m\u00e3o. Ent\u00e3o, tudo o que a vida lhes tira, produz a dor de um assalto, de uma viol\u00eancia.<\/div>\n<div><\/div>\n<div>Entre estas \u00faltimas, as que mais me chamam aten\u00e7\u00e3o s\u00e3o aquelas que n\u00e3o \u201cabrem m\u00e3o\u201d de suas raz\u00f5es. Seja em uma simples conversa, que acaba em discuss\u00e3o, seja em uma quest\u00e3o de direito, apegam-se \u00e0s suas raz\u00f5es at\u00e9 \u00e0s l\u00e1grimas. E se, ap\u00f3s muitas lutas, essas coisas lhes s\u00e3o \u201ctomadas\u201d, entram em desespero de morte.<\/div>\n<div>As pessoas do primeiro grupo sofrem menos, por n\u00e3o se apegarem demasiadamente. N\u00e3o lutam tanto, n\u00e3o ret\u00eam tanto. N\u00e3o perdem muito, mesmo quando s\u00e3o abusadas.<\/div>\n<div><\/div>\n<div>Entretanto, conhe\u00e7o gente que \u00e9 capaz de se lembrar de todas as viol\u00eancias sofridas ao longo da vida. Coisas que lhes foram tiradas, batalhas perdidas, conversas encerradas, desconsidera\u00e7\u00f5es, injusti\u00e7as, votos vencidos, est\u00e3o todos l\u00e1, no dep\u00f3sito de passivos, de haveres, aguardando ressarcimento.<\/div>\n<div><\/div>\n<div>Sim, a vida (que acaba assumindo nomes de pessoas) lhes deve. Se algo nunca foi entregue, ent\u00e3o lhes foi tomado. Se nunca foi perdoado, ainda \u00e9 \u201cd\u00edvida ativa\u201d. Se nunca foi esquecido, est\u00e1 registrado para oportuna cobran\u00e7a.<\/div>\n<div><\/div>\n<div>Talvez uma pessoa assim considere aquele que \u201cdeixa pra l\u00e1\u201d um leviano. E talvez o que releva e esquece considere aquele que n\u00e3o \u201cabre m\u00e3o\u201d um infeliz briguento.<\/div>\n<div>Lembro-me de ter \u201cdeixado pra l\u00e1\u201d direitos de consumidor, s\u00f3 para n\u00e3o arranjar briga. Por\u00e9m, lembro-me de ter \u201cpendurado\u201d ofensas, aguardando o pedido de desculpas. Recordo-me de ter dado raz\u00e3o a quem n\u00e3o a tinha, para preservar a amizade, e de ter \u201caberto m\u00e3o\u201d da amizade por n\u00e3o achar justo \u201cdeixar barato\u201d.<\/div>\n<div><\/div>\n<div>Certa vez, deparei-me com uma frase usada em um curso para noivos: \u201cO que voc\u00ea prefere: ter raz\u00e3o ou ser feliz?\u201d &#8212; como que a dizer que, se eu quisesse ter sempre raz\u00e3o, seria infeliz! Ser\u00e1 que essa pergunta n\u00e3o nos ajudaria a definir melhor a qual grupo pertencemos?<\/div>\n<div><\/div>\n<div>Eu confesso: naquele exato momento me descobri preferindo ter raz\u00e3o. E argumentei para mim mesmo que a felicidade, \u00e0 custa do que \u00e9 certo, n\u00e3o vale a pena. Senti-me como a formiga invejosa, criticando a alegria \u201cirrespons\u00e1vel\u201d da cigarra.<\/div>\n<div><\/div>\n<div>Nesse momento, ouvi a palavra de Paulo aos cor\u00edntios conflagrados: \u201c[&#8230;] por que n\u00e3o sofreis, antes, a injusti\u00e7a? Por que n\u00e3o sofreis, antes, o dano?\u201d (1Co 6.7).<\/div>\n<div><\/div>\n<div>Ocorre-me ent\u00e3o que talvez a atitude correta n\u00e3o seja o \u201cdeixar pra l\u00e1\u201d, mas a entrega. Em vez de esquecer, entrego meus direitos, bens e raz\u00f5es ao reto Juiz. Assim, as coisas n\u00e3o ficar\u00e3o sem consequ\u00eancia, sem julgamento, sem resposta. Contudo, estarei \u201cdeixando pra l\u00e1\u201d, em um ato de f\u00e9, para ser feliz.<\/div>\n<div><\/div>\n<div>Imagino que, por esse caminho, Deus me acrescentar\u00e1 o orar pelos meus inimigos e me alegrar\u00e1 ao v\u00ea-los aben\u00e7oados.<\/div>\n<div><\/div>\n<div>_____________________________<\/div>\n<div><a href=\"http:\/\/www.ultimato.com.br\/revista\/artigos\/336\/entrega\">Publica\u00e7\u00e3o original<\/a><\/div>\n","protected":false},"excerpt":{"rendered":"<p>Em vez de esquecer, entrego meus direitos, bens e raz\u00f5es ao reto Juiz.<\/p>\n","protected":false},"author":13,"featured_media":1167,"comment_status":"open","ping_status":"open","sticky":false,"template":"","format":"standard","meta":{"footnotes":""},"categories":[116,119],"tags":[],"class_list":["post-1166","post","type-post","status-publish","format-standard","has-post-thumbnail","hentry","category-blog","category-na-ultimato"],"_links":{"self":[{"href":"https:\/\/ultimato.com.br\/sites\/amorese\/wp-json\/wp\/v2\/posts\/1166","targetHints":{"allow":["GET"]}}],"collection":[{"href":"https:\/\/ultimato.com.br\/sites\/amorese\/wp-json\/wp\/v2\/posts"}],"about":[{"href":"https:\/\/ultimato.com.br\/sites\/amorese\/wp-json\/wp\/v2\/types\/post"}],"author":[{"embeddable":true,"href":"https:\/\/ultimato.com.br\/sites\/amorese\/wp-json\/wp\/v2\/users\/13"}],"replies":[{"embeddable":true,"href":"https:\/\/ultimato.com.br\/sites\/amorese\/wp-json\/wp\/v2\/comments?post=1166"}],"version-history":[{"count":10,"href":"https:\/\/ultimato.com.br\/sites\/amorese\/wp-json\/wp\/v2\/posts\/1166\/revisions"}],"predecessor-version":[{"id":1218,"href":"https:\/\/ultimato.com.br\/sites\/amorese\/wp-json\/wp\/v2\/posts\/1166\/revisions\/1218"}],"wp:featuredmedia":[{"embeddable":true,"href":"https:\/\/ultimato.com.br\/sites\/amorese\/wp-json\/wp\/v2\/media\/1167"}],"wp:attachment":[{"href":"https:\/\/ultimato.com.br\/sites\/amorese\/wp-json\/wp\/v2\/media?parent=1166"}],"wp:term":[{"taxonomy":"category","embeddable":true,"href":"https:\/\/ultimato.com.br\/sites\/amorese\/wp-json\/wp\/v2\/categories?post=1166"},{"taxonomy":"post_tag","embeddable":true,"href":"https:\/\/ultimato.com.br\/sites\/amorese\/wp-json\/wp\/v2\/tags?post=1166"}],"curies":[{"name":"wp","href":"https:\/\/api.w.org\/{rel}","templated":true}]}}